{"id":11461,"date":"2015-05-11T04:00:35","date_gmt":"2015-05-11T03:00:35","guid":{"rendered":"http:\/\/sven-ove.nu\/?p=11461"},"modified":"2015-05-10T06:22:25","modified_gmt":"2015-05-10T05:22:25","slug":"11461","status":"publish","type":"post","link":"https:\/\/sven-ove.nu\/?p=11461","title":{"rendered":"Semesterst\u00e4ngt"},"content":{"rendered":"<p><a href=\"https:\/\/sven-ove.nu\/wp-content\/uploads\/2015\/05\/St\u00e4ngt.jpg\"><img loading=\"lazy\" decoding=\"async\" class=\" size-full wp-image-11566 alignnone\" src=\"https:\/\/sven-ove.nu\/wp-content\/uploads\/2015\/05\/St\u00e4ngt.jpg\" alt=\"St\u00e4ngt\" width=\"549\" height=\"164\" srcset=\"https:\/\/sven-ove.nu\/wp-content\/uploads\/2015\/05\/St\u00e4ngt.jpg 549w, https:\/\/sven-ove.nu\/wp-content\/uploads\/2015\/05\/St\u00e4ngt-300x90.jpg 300w\" sizes=\"auto, (max-width: 549px) 100vw, 549px\" \/><\/a><\/p>\n<p>Gammal som gatan? Nej du, jag \u00e4r \u00e4ldre. Tjugo \u00e5r \u00e4ldre \u00e4n gatan vi bor vid. S\u00e5 just nu har den h\u00e4r karln t\u00e4nkt ta sina sista v\u00e5rsemesterdagar i arbetslivet. Det \u00e4r b\u00e5de ledsamt och intressant.<\/p>\n<p>Jag hade g\u00e4rna varit snabbare, snabbt\u00e4nktare och minnesgodare s\u00e5h\u00e4r dags i livet men strunt i det. I dag blir det\u2026 asch, d\u00e4 kvetter. Eftersom jag \u00e4r som jag \u00e4r finns det visserligen en plan\u00a0f\u00f6r de n\u00e4rmaste dagarna men vad ska du med den till? Det kan t\u00e4nkas att det blir ett l\u00e5ngpass i nordv\u00e4st, en cykeltur till badhuset, en busstur till l\u00e4nsmuseet och en kompassrusch ut i grannskogen f\u00f6r att plocka stolpar.<\/p>\n<p>Eller inte.<br \/>\nDet \u00e4r n\u00e4stan som att vara barn.<br \/>\nEller pension\u00e4r.<\/p>\n<p>Tjoho.<br \/>\nSuck.<\/p>\n","protected":false},"excerpt":{"rendered":"<p>Gammal som gatan? Nej du, jag \u00e4r \u00e4ldre. Tjugo \u00e5r \u00e4ldre \u00e4n gatan vi bor vid. S\u00e5 just nu har den h\u00e4r karln t\u00e4nkt ta sina sista v\u00e5rsemesterdagar i arbetslivet. Det \u00e4r b\u00e5de ledsamt och intressant. Jag hade g\u00e4rna varit snabbare, snabbt\u00e4nktare och minnesgodare s\u00e5h\u00e4r dags i livet men strunt i det. I dag blir &hellip; <a href=\"https:\/\/sven-ove.nu\/?p=11461\" class=\"more-link\">Forts\u00e4tt l\u00e4sa <span class=\"screen-reader-text\">Semesterst\u00e4ngt<\/span><\/a><\/p>\n","protected":false},"author":1,"featured_media":0,"comment_status":"open","ping_status":"open","sticky":false,"template":"","format":"standard","meta":{"_crdt_document":"","_monsterinsights_skip_tracking":false,"_monsterinsights_sitenote_active":false,"_monsterinsights_sitenote_note":"","_monsterinsights_sitenote_category":0,"footnotes":""},"categories":[10],"tags":[8],"class_list":["post-11461","post","type-post","status-publish","format-standard","hentry","category-familjen","tag-historia"],"_links":{"self":[{"href":"https:\/\/sven-ove.nu\/index.php?rest_route=\/wp\/v2\/posts\/11461","targetHints":{"allow":["GET"]}}],"collection":[{"href":"https:\/\/sven-ove.nu\/index.php?rest_route=\/wp\/v2\/posts"}],"about":[{"href":"https:\/\/sven-ove.nu\/index.php?rest_route=\/wp\/v2\/types\/post"}],"author":[{"embeddable":true,"href":"https:\/\/sven-ove.nu\/index.php?rest_route=\/wp\/v2\/users\/1"}],"replies":[{"embeddable":true,"href":"https:\/\/sven-ove.nu\/index.php?rest_route=%2Fwp%2Fv2%2Fcomments&post=11461"}],"version-history":[{"count":8,"href":"https:\/\/sven-ove.nu\/index.php?rest_route=\/wp\/v2\/posts\/11461\/revisions"}],"predecessor-version":[{"id":11567,"href":"https:\/\/sven-ove.nu\/index.php?rest_route=\/wp\/v2\/posts\/11461\/revisions\/11567"}],"wp:attachment":[{"href":"https:\/\/sven-ove.nu\/index.php?rest_route=%2Fwp%2Fv2%2Fmedia&parent=11461"}],"wp:term":[{"taxonomy":"category","embeddable":true,"href":"https:\/\/sven-ove.nu\/index.php?rest_route=%2Fwp%2Fv2%2Fcategories&post=11461"},{"taxonomy":"post_tag","embeddable":true,"href":"https:\/\/sven-ove.nu\/index.php?rest_route=%2Fwp%2Fv2%2Ftags&post=11461"}],"curies":[{"name":"wp","href":"https:\/\/api.w.org\/{rel}","templated":true}]}}