{"id":11468,"date":"2015-05-23T04:00:27","date_gmt":"2015-05-23T03:00:27","guid":{"rendered":"http:\/\/sven-ove.nu\/?p=11468"},"modified":"2015-05-21T20:32:47","modified_gmt":"2015-05-21T19:32:47","slug":"bast-nar-jag-skaller","status":"publish","type":"post","link":"https:\/\/sven-ove.nu\/?p=11468","title":{"rendered":"B\u00e4st n\u00e4r jag sk\u00e4ller"},"content":{"rendered":"<p><a href=\"https:\/\/sven-ove.nu\/wp-content\/uploads\/2015\/06\/En-annan-fisk.jpg\"><img loading=\"lazy\" decoding=\"async\" class=\" size-medium wp-image-11758 alignright\" src=\"https:\/\/sven-ove.nu\/wp-content\/uploads\/2015\/06\/En-annan-fisk-225x300.jpg\" alt=\"En annan fisk\" width=\"225\" height=\"300\" srcset=\"https:\/\/sven-ove.nu\/wp-content\/uploads\/2015\/06\/En-annan-fisk-225x300.jpg 225w, https:\/\/sven-ove.nu\/wp-content\/uploads\/2015\/06\/En-annan-fisk-768x1024.jpg 768w, https:\/\/sven-ove.nu\/wp-content\/uploads\/2015\/06\/En-annan-fisk.jpg 1224w\" sizes=\"auto, (max-width: 225px) 100vw, 225px\" \/><\/a>Du \u00e4r b\u00e4st n\u00e4r du \u00e4r arg, sa tv-fotografen, n\u00e4r jag hade sl\u00e4pat honom med ut till utsiktspunkten vid L\u00f6ved i kanten av Forshaga. D\u00e4r stod jag och glodde ut \u00f6ver f\u00e5gelsj\u00f6n Hyn och storg\u00e5rden Apertins g\u00e4rden l\u00e5ngt d\u00e4r borta och sa sn\u00e4lla saker i kameran, men r\u00e4tt hade han ju.<\/p>\n<p style=\"padding-left: 30px;\"><strong>Det \u00e4r n\u00e5gonting med ilskan som ger liv. Det \u00e4r n\u00e5gonting med upptrappningen. Ju v\u00e4rre ord desto fler som reagerar.<\/strong><\/p>\n<p>D\u00e4r n\u00e5gonstans sa jag ifr\u00e5n, tyst inombords. Jag \u00e4r inte vildsint i mina \u00e5sikter, inte f\u00f6r det mesta. Jag vill inte dra allting tre sn\u00e4pp extra f\u00f6r effektens skull, trots att det drar l\u00e4sare till kr\u00f6nikor och blogg.<\/p>\n<p>Jag \u00e4r bara en resonerande 64-\u00e5ring som tycker att mycket \u00e4r bra och en del \u00e4r \u00e5t helvete. Just det, jag sv\u00e4r helst inte i text heller, inte mer \u00e4n en g\u00e5ng om \u00e5ret ungef\u00e4r.<\/p>\n<p>Men b\u00e4st n\u00e4r jag sk\u00e4ller, det \u00e4r jag.<\/p>\n<p style=\"padding-left: 30px;\"><em><strong># Tre skrivregler:<br \/>\n<\/strong><\/em><em><span style=\"line-height: 1.6471;\">Skriv inget som du inte kan st\u00e5 f\u00f6r n\u00e4r ilskan har g\u00e5tt \u00f6ver.<\/span><\/em><em><strong><br \/>\n<\/strong>Inga privata h\u00e4mnder. Tidning och blogg \u00e4r f\u00f6r kraftfulla kanoner f\u00f6r det.<\/em><br \/>\n<em> Ska du skriva satir s\u00e5 v\u00e4nd den upp\u00e5t, inte ned\u00e5t mot det som vissa kallar vanligt folk.<\/em><\/p>\n<p style=\"padding-left: 30px;\"><em><strong># Jag har brutit mot alla tre reglerna.<\/strong> Det har hittills inte k\u00e4nts bra en enda g\u00e5ng.<\/em><\/p>\n","protected":false},"excerpt":{"rendered":"<p>Du \u00e4r b\u00e4st n\u00e4r du \u00e4r arg, sa tv-fotografen, n\u00e4r jag hade sl\u00e4pat honom med ut till utsiktspunkten vid L\u00f6ved i kanten av Forshaga. D\u00e4r stod jag och glodde ut \u00f6ver f\u00e5gelsj\u00f6n Hyn och storg\u00e5rden Apertins g\u00e4rden l\u00e5ngt d\u00e4r borta och sa sn\u00e4lla saker i kameran, men r\u00e4tt hade han ju. Det \u00e4r n\u00e5gonting med &hellip; <a href=\"https:\/\/sven-ove.nu\/?p=11468\" class=\"more-link\">Forts\u00e4tt l\u00e4sa <span class=\"screen-reader-text\">B\u00e4st n\u00e4r jag sk\u00e4ller<\/span><\/a><\/p>\n","protected":false},"author":1,"featured_media":0,"comment_status":"open","ping_status":"open","sticky":false,"template":"","format":"standard","meta":{"_crdt_document":"","_monsterinsights_skip_tracking":false,"_monsterinsights_sitenote_active":false,"_monsterinsights_sitenote_note":"","_monsterinsights_sitenote_category":0,"footnotes":""},"categories":[4],"tags":[18,15,20],"class_list":["post-11468","post","type-post","status-publish","format-standard","hentry","category-skrivande","tag-lardomar","tag-mediedjungeln","tag-rad"],"_links":{"self":[{"href":"https:\/\/sven-ove.nu\/index.php?rest_route=\/wp\/v2\/posts\/11468","targetHints":{"allow":["GET"]}}],"collection":[{"href":"https:\/\/sven-ove.nu\/index.php?rest_route=\/wp\/v2\/posts"}],"about":[{"href":"https:\/\/sven-ove.nu\/index.php?rest_route=\/wp\/v2\/types\/post"}],"author":[{"embeddable":true,"href":"https:\/\/sven-ove.nu\/index.php?rest_route=\/wp\/v2\/users\/1"}],"replies":[{"embeddable":true,"href":"https:\/\/sven-ove.nu\/index.php?rest_route=%2Fwp%2Fv2%2Fcomments&post=11468"}],"version-history":[{"count":14,"href":"https:\/\/sven-ove.nu\/index.php?rest_route=\/wp\/v2\/posts\/11468\/revisions"}],"predecessor-version":[{"id":11760,"href":"https:\/\/sven-ove.nu\/index.php?rest_route=\/wp\/v2\/posts\/11468\/revisions\/11760"}],"wp:attachment":[{"href":"https:\/\/sven-ove.nu\/index.php?rest_route=%2Fwp%2Fv2%2Fmedia&parent=11468"}],"wp:term":[{"taxonomy":"category","embeddable":true,"href":"https:\/\/sven-ove.nu\/index.php?rest_route=%2Fwp%2Fv2%2Fcategories&post=11468"},{"taxonomy":"post_tag","embeddable":true,"href":"https:\/\/sven-ove.nu\/index.php?rest_route=%2Fwp%2Fv2%2Ftags&post=11468"}],"curies":[{"name":"wp","href":"https:\/\/api.w.org\/{rel}","templated":true}]}}