{"id":11570,"date":"2015-05-11T14:39:59","date_gmt":"2015-05-11T13:39:59","guid":{"rendered":"http:\/\/sven-ove.nu\/?p=11570"},"modified":"2015-05-11T17:38:24","modified_gmt":"2015-05-11T16:38:24","slug":"stig-upp","status":"publish","type":"post","link":"https:\/\/sven-ove.nu\/?p=11570","title":{"rendered":"Stig upp"},"content":{"rendered":"<p>Strax innan brons\u00e5ldern tar minnet slut. D\u00e4r st\u00e5r jag vid de b\u00e5da gravh\u00f6garna och filmar s\u00e5 h\u00e4lften kunde vara nog, men mobilkameran har redan tagit kv\u00e4llen.<\/p>\n<p>Jag har varit p\u00e5 seminarium. <em>R\u00f6rlig media \u00e4r det nya svarta<\/em>, var det en som sa. Klicka p\u00e5 det svarta, s\u00e5 ser du vad den h\u00e4r bloggaren g\u00e4rna g\u00f6r i tv\u00e5 timmar en ledig dag.<\/p>\n<p>L\u00e4gg s\u00e4rskilt m\u00e4rke till den otvungna andh\u00e4mtningen i rej\u00e4l uppf\u00f6rsbacke efter tolv kilometer blandad terr\u00e4ng. Snart \u00e4r jag framme vid <a href=\"http:\/\/www.visitvarmland.se\/sv\/gora\/atterosera-35331\">brons\u00e5ldern<\/a>. L\u00e5ngt d\u00e4r borta mellan tallarna och bortanf\u00f6r den igenv\u00e4xta sj\u00f6n ska jag ana storg\u00e5rden d\u00e4r pappa var statarunge.<\/p>\n<p>Stigen vindlar, tr\u00e4dpipl\u00e4rkan landar p\u00e5 en ny talltopp, h\u00f6gt \u00f6ver v\u00e5r f\u00e5gelsj\u00f6 ryttlar en gjuse.<\/p>\n<p>&#8211; Ha\u2019lu f\u00e5tt n\u00e5n fesk?<\/p>\n<div style=\"width: 660px;\" class=\"wp-video\"><video class=\"wp-video-shortcode\" id=\"video-11570-1\" width=\"660\" height=\"371\" preload=\"metadata\" controls=\"controls\"><source type=\"video\/mp4\" src=\"https:\/\/sven-ove.nu\/wp-content\/uploads\/2015\/05\/Stiguppstigupp.mp4?_=1\" \/><a href=\"https:\/\/sven-ove.nu\/wp-content\/uploads\/2015\/05\/Stiguppstigupp.mp4\">https:\/\/sven-ove.nu\/wp-content\/uploads\/2015\/05\/Stiguppstigupp.mp4<\/a><\/video><\/div>\n<p style=\"padding-left: 30px;\"><em>PS. \u00c4r filmen tung att h\u00e4mta? M\u00e5ste du klicka g\u00e5ng p\u00e5 g\u00e5ng p\u00e5 trekanten f\u00f6r att orka visa\u00a0den? D\u00e5 ska du veta att den var tung att spela in ocks\u00e5 \ud83d\ude42<\/em><\/p>\n","protected":false},"excerpt":{"rendered":"<p>Strax innan brons\u00e5ldern tar minnet slut. D\u00e4r st\u00e5r jag vid de b\u00e5da gravh\u00f6garna och filmar s\u00e5 h\u00e4lften kunde vara nog, men mobilkameran har redan tagit kv\u00e4llen. Jag har varit p\u00e5 seminarium. R\u00f6rlig media \u00e4r det nya svarta, var det en som sa. Klicka p\u00e5 det svarta, s\u00e5 ser du vad den h\u00e4r bloggaren g\u00e4rna g\u00f6r &hellip; <a href=\"https:\/\/sven-ove.nu\/?p=11570\" class=\"more-link\">Forts\u00e4tt l\u00e4sa <span class=\"screen-reader-text\">Stig upp<\/span><\/a><\/p>\n","protected":false},"author":1,"featured_media":0,"comment_status":"open","ping_status":"open","sticky":false,"template":"","format":"standard","meta":{"_crdt_document":"","_monsterinsights_skip_tracking":false,"_monsterinsights_sitenote_active":false,"_monsterinsights_sitenote_note":"","_monsterinsights_sitenote_category":0,"footnotes":""},"categories":[10,5,6],"tags":[8,18],"class_list":["post-11570","post","type-post","status-publish","format-standard","hentry","category-familjen","category-lopning","category-natur","tag-historia","tag-lardomar"],"_links":{"self":[{"href":"https:\/\/sven-ove.nu\/index.php?rest_route=\/wp\/v2\/posts\/11570","targetHints":{"allow":["GET"]}}],"collection":[{"href":"https:\/\/sven-ove.nu\/index.php?rest_route=\/wp\/v2\/posts"}],"about":[{"href":"https:\/\/sven-ove.nu\/index.php?rest_route=\/wp\/v2\/types\/post"}],"author":[{"embeddable":true,"href":"https:\/\/sven-ove.nu\/index.php?rest_route=\/wp\/v2\/users\/1"}],"replies":[{"embeddable":true,"href":"https:\/\/sven-ove.nu\/index.php?rest_route=%2Fwp%2Fv2%2Fcomments&post=11570"}],"version-history":[{"count":6,"href":"https:\/\/sven-ove.nu\/index.php?rest_route=\/wp\/v2\/posts\/11570\/revisions"}],"predecessor-version":[{"id":11588,"href":"https:\/\/sven-ove.nu\/index.php?rest_route=\/wp\/v2\/posts\/11570\/revisions\/11588"}],"wp:attachment":[{"href":"https:\/\/sven-ove.nu\/index.php?rest_route=%2Fwp%2Fv2%2Fmedia&parent=11570"}],"wp:term":[{"taxonomy":"category","embeddable":true,"href":"https:\/\/sven-ove.nu\/index.php?rest_route=%2Fwp%2Fv2%2Fcategories&post=11570"},{"taxonomy":"post_tag","embeddable":true,"href":"https:\/\/sven-ove.nu\/index.php?rest_route=%2Fwp%2Fv2%2Ftags&post=11570"}],"curies":[{"name":"wp","href":"https:\/\/api.w.org\/{rel}","templated":true}]}}