{"id":11597,"date":"2015-05-13T03:00:55","date_gmt":"2015-05-13T02:00:55","guid":{"rendered":"http:\/\/sven-ove.nu\/?p=11597"},"modified":"2015-05-12T19:25:59","modified_gmt":"2015-05-12T18:25:59","slug":"forstor-vi-bilden","status":"publish","type":"post","link":"https:\/\/sven-ove.nu\/?p=11597","title":{"rendered":"&#8221;F\u00f6rst\u00f6r vi bilden?&#8221;"},"content":{"rendered":"<p>\u201dF\u00f6rst\u00f6r vi bilden?\u201d fr\u00e5gar skolbarnen. \u201dSka vi flytta oss?\u201d. De sitter p\u00e5 golvet framf\u00f6r utst\u00e4llningens mest ber\u00f6mda bild och jobbar med ett grupparbete i skolan.<\/p>\n<p><a href=\"https:\/\/sven-ove.nu\/wp-content\/uploads\/2015\/05\/St\u00f6rvi.jpg\"><img loading=\"lazy\" decoding=\"async\" class=\" size-medium wp-image-11600 alignright\" src=\"https:\/\/sven-ove.nu\/wp-content\/uploads\/2015\/05\/St\u00f6rvi-151x300.jpg\" alt=\"St\u00f6rvi\" width=\"151\" height=\"300\" srcset=\"https:\/\/sven-ove.nu\/wp-content\/uploads\/2015\/05\/St\u00f6rvi-151x300.jpg 151w, https:\/\/sven-ove.nu\/wp-content\/uploads\/2015\/05\/St\u00f6rvi-516x1024.jpg 516w, https:\/\/sven-ove.nu\/wp-content\/uploads\/2015\/05\/St\u00f6rvi.jpg 1644w\" sizes=\"auto, (max-width: 151px) 100vw, 151px\" \/><\/a>Egentligen \u00e4r det inte <strong>Den afghanska flickan<\/strong> jag gillar allra b\u00e4st. Visst, bilden \u00e4r fantastisk, precis som historien om hur Bill Garrett, redakt\u00f6ren f\u00f6r National Geographic, hittade den i en h\u00f6g med refuserade foton. <strong>Steve McCurrys<\/strong> bild fr\u00e5n det afghanska flyktingl\u00e4gret publicerades i juni 1985 och blev den mest ber\u00f6mda omslagsbilden i tidskriftens historia. \u00c5r 2002 for han tillbaka och hittade <a href=\"http:\/\/bibblansvarar.se\/sv\/svar\/tidningen-national-geographic\" target=\"_blank\">Sharbat Gula<\/a>. Hon kom fortfarande ih\u00e5g hur arg hon hade varit p\u00e5 honom. \u00c4n var han\u00a0den ende som hade fotograferat henne.<\/p>\n<p><a href=\"https:\/\/sven-ove.nu\/wp-content\/uploads\/2015\/05\/Albatrosser.jpg\"><img loading=\"lazy\" decoding=\"async\" class=\" size-medium wp-image-11602 alignright\" src=\"https:\/\/sven-ove.nu\/wp-content\/uploads\/2015\/05\/Albatrosser-300x203.jpg\" alt=\"Albatrosser\" width=\"300\" height=\"203\" srcset=\"https:\/\/sven-ove.nu\/wp-content\/uploads\/2015\/05\/Albatrosser-300x203.jpg 300w, https:\/\/sven-ove.nu\/wp-content\/uploads\/2015\/05\/Albatrosser-1024x694.jpg 1024w, https:\/\/sven-ove.nu\/wp-content\/uploads\/2015\/05\/Albatrosser.jpg 1337w\" sizes=\"auto, (max-width: 300px) 100vw, 300px\" \/><\/a>Nej, det \u00e4r inte den. Inte <strong>Des och Jen Bartletts<\/strong> foto p\u00e5 <a href=\"http:\/\/www.allposters.com\/-sp\/Three-Black-Browed-Albatrosses-Do-a-Courtship-Dance-Posters_i6121487_.htm\" target=\"_blank\">albatrosserna<\/a> som \u00e4r p\u00e5 v\u00e4g till Sydgeorgien f\u00f6r att hitta en partner heller, fast den \u00e4r ocks\u00e5 fin. I 50 \u00e5r kan de h\u00e4r f\u00e5glarna vara tillsammans.<\/p>\n<p><strong>S\u00f6ker desperat<br \/>\n<\/strong>Min favorit \u00e4r en tredje bild bland de \u00f6ver hundra fotona\u00a0fr\u00e5n s\u00e4llskapets 125-\u00e5riga historia. <strong>Nick Nichols<\/strong> tog den i Brazzaville, Congo, \u00e5r 1991. Schimpanshannen Jou Jou str\u00e4cker ut sin hand f\u00f6r att k\u00e4nna p\u00e5 Jane Goodall. I flera \u00e5r har han suttit ensam i sin bur p\u00e5 Brazzaville Zoo. Schimpansen \u00e4r ett socialt djur och nu s\u00f6ker han desperat efter kontakt med andra levande varelser.<\/p>\n<p><a href=\"http:\/\/proof.nationalgeographic.com\/2014\/04\/03\/nick-nichols-on-capturing-the-essence-of-jane-goodall\/\" target=\"_blank\">Den bilden<\/a> talar till mig.<\/p>\n<p>Om ni f\u00f6rst\u00f6rde bilden p\u00e5 den afghanska flickan, barn? Nej, ni gjorde den b\u00e4ttre. Ni gjorde mig glad.<\/p>\n<p><a href=\"https:\/\/sven-ove.nu\/wp-content\/uploads\/2015\/05\/Kontakt.jpg\"><img loading=\"lazy\" decoding=\"async\" class=\" size-large wp-image-11604 alignnone\" src=\"https:\/\/sven-ove.nu\/wp-content\/uploads\/2015\/05\/Kontakt-1024x720.jpg\" alt=\"Kontakt\" width=\"660\" height=\"464\" srcset=\"https:\/\/sven-ove.nu\/wp-content\/uploads\/2015\/05\/Kontakt-1024x720.jpg 1024w, https:\/\/sven-ove.nu\/wp-content\/uploads\/2015\/05\/Kontakt-300x211.jpg 300w\" sizes=\"auto, (max-width: 660px) 100vw, 660px\" \/><\/a><\/p>\n<p style=\"padding-left: 30px;\"><em>Foto: Nick Nichols.<\/em><\/p>\n<p style=\"padding-left: 30px;\"><em>Utst\u00e4llningen National Geographic 125 \u00e5r visas bara p\u00e5 ett st\u00e4lle i Sverige. <a href=\"http:\/\/www.varmlandsmuseum.se\/1\/1.0.1.0\/20\/1\/\" target=\"_blank\">V\u00e4rmlands Museum<\/a> i Karlstad. Den p\u00e5g\u00e5r till och med 17 maj.\u00a0<\/em><\/p>\n<p style=\"padding-left: 30px;\"><em>Mina mobilfoton fr\u00e5n en lagom m\u00f6rk utst\u00e4llningslokal kan inte g\u00f6ra fotografernas bilder r\u00e4ttvisa. D\u00e4rf\u00f6r har jag l\u00e4nkat till dem i texten. Barnen vid den afghanska flickan vet sj\u00e4lva vilka de \u00e4r, det r\u00e4cker. De har inte bett att f\u00e5 hamna p\u00e5 n\u00e5n blogg.<\/em><\/p>\n","protected":false},"excerpt":{"rendered":"<p>\u201dF\u00f6rst\u00f6r vi bilden?\u201d fr\u00e5gar skolbarnen. \u201dSka vi flytta oss?\u201d. De sitter p\u00e5 golvet framf\u00f6r utst\u00e4llningens mest ber\u00f6mda bild och jobbar med ett grupparbete i skolan. Egentligen \u00e4r det inte Den afghanska flickan jag gillar allra b\u00e4st. Visst, bilden \u00e4r fantastisk, precis som historien om hur Bill Garrett, redakt\u00f6ren f\u00f6r National Geographic, hittade den i en &hellip; <a href=\"https:\/\/sven-ove.nu\/?p=11597\" class=\"more-link\">Forts\u00e4tt l\u00e4sa <span class=\"screen-reader-text\">&#8221;F\u00f6rst\u00f6r vi bilden?&#8221;<\/span><\/a><\/p>\n","protected":false},"author":1,"featured_media":0,"comment_status":"open","ping_status":"open","sticky":false,"template":"","format":"standard","meta":{"_crdt_document":"","_monsterinsights_skip_tracking":false,"_monsterinsights_sitenote_active":false,"_monsterinsights_sitenote_note":"","_monsterinsights_sitenote_category":0,"footnotes":""},"categories":[28],"tags":[8,18,14,26],"class_list":["post-11597","post","type-post","status-publish","format-standard","hentry","category-kreativt-folk","tag-historia","tag-lardomar","tag-lasning","tag-natur-2"],"_links":{"self":[{"href":"https:\/\/sven-ove.nu\/index.php?rest_route=\/wp\/v2\/posts\/11597","targetHints":{"allow":["GET"]}}],"collection":[{"href":"https:\/\/sven-ove.nu\/index.php?rest_route=\/wp\/v2\/posts"}],"about":[{"href":"https:\/\/sven-ove.nu\/index.php?rest_route=\/wp\/v2\/types\/post"}],"author":[{"embeddable":true,"href":"https:\/\/sven-ove.nu\/index.php?rest_route=\/wp\/v2\/users\/1"}],"replies":[{"embeddable":true,"href":"https:\/\/sven-ove.nu\/index.php?rest_route=%2Fwp%2Fv2%2Fcomments&post=11597"}],"version-history":[{"count":17,"href":"https:\/\/sven-ove.nu\/index.php?rest_route=\/wp\/v2\/posts\/11597\/revisions"}],"predecessor-version":[{"id":11617,"href":"https:\/\/sven-ove.nu\/index.php?rest_route=\/wp\/v2\/posts\/11597\/revisions\/11617"}],"wp:attachment":[{"href":"https:\/\/sven-ove.nu\/index.php?rest_route=%2Fwp%2Fv2%2Fmedia&parent=11597"}],"wp:term":[{"taxonomy":"category","embeddable":true,"href":"https:\/\/sven-ove.nu\/index.php?rest_route=%2Fwp%2Fv2%2Fcategories&post=11597"},{"taxonomy":"post_tag","embeddable":true,"href":"https:\/\/sven-ove.nu\/index.php?rest_route=%2Fwp%2Fv2%2Ftags&post=11597"}],"curies":[{"name":"wp","href":"https:\/\/api.w.org\/{rel}","templated":true}]}}