{"id":1168,"date":"2012-02-14T06:00:17","date_gmt":"2012-02-14T05:00:17","guid":{"rendered":"http:\/\/sven-ove.nu\/?p=1168"},"modified":"2012-02-05T13:08:49","modified_gmt":"2012-02-05T12:08:49","slug":"1168","status":"publish","type":"post","link":"https:\/\/sven-ove.nu\/?p=1168","title":{"rendered":"Politiskt korrekt"},"content":{"rendered":"<p>Politiskt korrekt? Ja det hoppas jag att mina texter \u00e4r. PK &#8211; f\u00f6r mig, vill s\u00e4ga. Jag litar inte p\u00e5 folk som skriver s\u00e5dant som de inte tror p\u00e5.\u00a0Finns det n\u00e5gon m\u00e4nniska som <strong>inte<\/strong> \u00e4r politiskt korrekt?<\/p>\n<p><a href=\"https:\/\/sven-ove.nu\/wp-content\/uploads\/2012\/02\/Polisskylt.jpg\"><img loading=\"lazy\" decoding=\"async\" class=\"alignright size-medium wp-image-1192\" title=\"Polisskylt\" src=\"https:\/\/sven-ove.nu\/wp-content\/uploads\/2012\/02\/Polisskylt-179x300.jpg\" alt=\"\" width=\"179\" height=\"300\" srcset=\"https:\/\/sven-ove.nu\/wp-content\/uploads\/2012\/02\/Polisskylt-179x300.jpg 179w, https:\/\/sven-ove.nu\/wp-content\/uploads\/2012\/02\/Polisskylt-613x1024.jpg 613w, https:\/\/sven-ove.nu\/wp-content\/uploads\/2012\/02\/Polisskylt.jpg 1552w\" sizes=\"auto, (max-width: 179px) 100vw, 179px\" \/><\/a>Sj\u00e4lv vill jag till exempel ha fler poliser, \u00f6ppnare polishus och ofta h\u00e5rdare straff, sjunger V\u00e4rmlandsvisan vid varje inresa i landskapet, vill avskaffa k\u00e4rnkraften, g\u00e5 ur Europeiska Unionen, l\u00e5ta hela Sverige &amp; hela jordklotet leva, f\u00e5 Trafikverket att skotta sn\u00f6 i st\u00e4llet f\u00f6r att st\u00e4lla in, l\u00e5ta den bulgariske lastbilschauff\u00f6ren f\u00e5 vettiga villkor i Sverige, st\u00e4rka f\u00f6rsvaret, sl\u00e5 vakt om \u00e4gander\u00e4tten (till upphov av musik, romaner och annan kultur), v\u00e4rna m\u00e5ngfalden, allemansr\u00e4tten, efterr\u00e4tten samt m\u00f6jligheten att resa n\u00e5gorlunda fritt \u00f6ver gr\u00e4nser. Vilken s\u00e5ng du \u00e4n sjunger, n\u00e4r du passerar dina gr\u00e4nsstolpar.<\/p>\n<p>Samt en massa annat, som jag ocks\u00e5 tror \u00e4r <a href=\"https:\/\/sven-ove.nu\/?page_id=100\">korrekt<\/a>.<\/p>\n<p><a href=\"https:\/\/sven-ove.nu\/wp-content\/uploads\/2012\/02\/Polisi\u00e4r-\u00f6ppenhet1.jpg\"><img loading=\"lazy\" decoding=\"async\" class=\"alignleft size-medium wp-image-1195\" title=\"Polisi\u00e4r \u00f6ppenhet\" src=\"https:\/\/sven-ove.nu\/wp-content\/uploads\/2012\/02\/Polisi\u00e4r-\u00f6ppenhet1-191x300.jpg\" alt=\"\" width=\"191\" height=\"300\" srcset=\"https:\/\/sven-ove.nu\/wp-content\/uploads\/2012\/02\/Polisi\u00e4r-\u00f6ppenhet1-191x300.jpg 191w, https:\/\/sven-ove.nu\/wp-content\/uploads\/2012\/02\/Polisi\u00e4r-\u00f6ppenhet1-655x1024.jpg 655w, https:\/\/sven-ove.nu\/wp-content\/uploads\/2012\/02\/Polisi\u00e4r-\u00f6ppenhet1.jpg 1342w\" sizes=\"auto, (max-width: 191px) 100vw, 191px\" \/><\/a><\/p>\n<p>&nbsp;<\/p>\n<p>&nbsp;<\/p>\n<p>&nbsp;<\/p>\n<p>&nbsp;<\/p>\n<p>&nbsp;<\/p>\n<p><em>Polisi\u00e4r \u00f6ppenhet.<\/em><\/p>\n","protected":false},"excerpt":{"rendered":"<p>Politiskt korrekt? Ja det hoppas jag att mina texter \u00e4r. PK &#8211; f\u00f6r mig, vill s\u00e4ga. Jag litar inte p\u00e5 folk som skriver s\u00e5dant som de inte tror p\u00e5.\u00a0Finns det n\u00e5gon m\u00e4nniska som inte \u00e4r politiskt korrekt? Sj\u00e4lv vill jag till exempel ha fler poliser, \u00f6ppnare polishus och ofta h\u00e5rdare straff, sjunger V\u00e4rmlandsvisan vid varje &hellip; <a href=\"https:\/\/sven-ove.nu\/?p=1168\" class=\"more-link\">Forts\u00e4tt l\u00e4sa <span class=\"screen-reader-text\">Politiskt korrekt<\/span><\/a><\/p>\n","protected":false},"author":1,"featured_media":0,"comment_status":"open","ping_status":"open","sticky":false,"template":"","format":"standard","meta":{"_crdt_document":"","_monsterinsights_skip_tracking":false,"_monsterinsights_sitenote_active":false,"_monsterinsights_sitenote_note":"","_monsterinsights_sitenote_category":0,"footnotes":""},"categories":[9,4],"tags":[8,18,17],"class_list":["post-1168","post","type-post","status-publish","format-standard","hentry","category-politik","category-skrivande","tag-historia","tag-lardomar","tag-solidaritet"],"_links":{"self":[{"href":"https:\/\/sven-ove.nu\/index.php?rest_route=\/wp\/v2\/posts\/1168","targetHints":{"allow":["GET"]}}],"collection":[{"href":"https:\/\/sven-ove.nu\/index.php?rest_route=\/wp\/v2\/posts"}],"about":[{"href":"https:\/\/sven-ove.nu\/index.php?rest_route=\/wp\/v2\/types\/post"}],"author":[{"embeddable":true,"href":"https:\/\/sven-ove.nu\/index.php?rest_route=\/wp\/v2\/users\/1"}],"replies":[{"embeddable":true,"href":"https:\/\/sven-ove.nu\/index.php?rest_route=%2Fwp%2Fv2%2Fcomments&post=1168"}],"version-history":[{"count":12,"href":"https:\/\/sven-ove.nu\/index.php?rest_route=\/wp\/v2\/posts\/1168\/revisions"}],"predecessor-version":[{"id":1170,"href":"https:\/\/sven-ove.nu\/index.php?rest_route=\/wp\/v2\/posts\/1168\/revisions\/1170"}],"wp:attachment":[{"href":"https:\/\/sven-ove.nu\/index.php?rest_route=%2Fwp%2Fv2%2Fmedia&parent=1168"}],"wp:term":[{"taxonomy":"category","embeddable":true,"href":"https:\/\/sven-ove.nu\/index.php?rest_route=%2Fwp%2Fv2%2Fcategories&post=1168"},{"taxonomy":"post_tag","embeddable":true,"href":"https:\/\/sven-ove.nu\/index.php?rest_route=%2Fwp%2Fv2%2Ftags&post=1168"}],"curies":[{"name":"wp","href":"https:\/\/api.w.org\/{rel}","templated":true}]}}