{"id":11741,"date":"2015-05-20T04:00:40","date_gmt":"2015-05-20T03:00:40","guid":{"rendered":"http:\/\/sven-ove.nu\/?p=11741"},"modified":"2015-05-17T10:51:36","modified_gmt":"2015-05-17T09:51:36","slug":"nar-knattret-tystnar","status":"publish","type":"post","link":"https:\/\/sven-ove.nu\/?p=11741","title":{"rendered":"N\u00e4r knattret tystnar"},"content":{"rendered":"<p>Min l\u00e4nstidning har en kr\u00f6nik\u00f6r som tycker illa om t\u00e5g som inte stannar men tiger om lokalredakt\u00f6rer som f\u00e5r g\u00e5. Det \u00e4r hans fulla r\u00e4tt, svenska folket har slagits f\u00f6r den friheten att tycka och trycka. Du f\u00e5r tycka att det \u00e4r skillnad p\u00e5 avg\u00e5ngar.<\/p>\n<p>En g\u00e5ng klev jag in p\u00e5 tidningens lokalredaktion i Munkfors. Jag bar reporterrock och axelremsv\u00e4ska och var mycket lycklig. \u00c4ntligen journalist, \u00e4ntligen leva p\u00e5 pennan. Snart satt jag d\u00e4r och ringde den lokala polisen om kv\u00e4llarna. Har det h\u00e4nt n\u00e5t? Det hade det.<\/p>\n<p><strong>Levande legend<br \/>\n<\/strong><a href=\"https:\/\/sven-ove.nu\/wp-content\/uploads\/2015\/05\/Reporterblock.jpg\"><img loading=\"lazy\" decoding=\"async\" class=\" size-medium wp-image-11744 alignright\" src=\"https:\/\/sven-ove.nu\/wp-content\/uploads\/2015\/05\/Reporterblock-225x300.jpg\" alt=\"Reporterblock\" width=\"225\" height=\"300\" srcset=\"https:\/\/sven-ove.nu\/wp-content\/uploads\/2015\/05\/Reporterblock-225x300.jpg 225w, https:\/\/sven-ove.nu\/wp-content\/uploads\/2015\/05\/Reporterblock-768x1024.jpg 768w, https:\/\/sven-ove.nu\/wp-content\/uploads\/2015\/05\/Reporterblock.jpg 1224w\" sizes=\"auto, (max-width: 225px) 100vw, 225px\" \/><\/a>Karln jag vikarierade f\u00f6r somrarna\u00a01974 och 1975 var en legend. Bra lokalredakt\u00f6rer blir g\u00e4rna det om de stannar n\u00e5gra \u00e5r. Det hade han gjort. Varenda m\u00e4nniska i det lilla samh\u00e4llet visste vem redakt\u00f6ren var. N\u00e4r n\u00e5got h\u00e4nde fick han veta det och det han visste kom i tidningen.<\/p>\n<p>Tv\u00e5 lokala \u00f6ron, tv\u00e5 lokala \u00f6gon, en skrivare som r\u00f6rde sig som vilken medm\u00e4nniska som helst p\u00e5 gator och torg, i konsumk\u00f6er och p\u00e5 hembygdens fester. Naturligtvis gav det tidningen f\u00f6rankring och demokratin ett djup.\u00a0Den f\u00f6rankringen kan du aldrig f\u00e5 p\u00e5 63,5 kilometers avst\u00e5nd, hur bra mobilt\u00e4ckning du \u00e4n har.<\/p>\n<p>Tycker du att en dialekt l\u00e5ter rolig \u00e4r du redan f\u00f6r l\u00e5ngt bort.<\/p>\n<p><strong>Demokratiskt problem<br \/>\n<\/strong>Utvecklingen \u00e4r som den \u00e4r. Kanske har tidningarna delvis sig sj\u00e4lva att skylla. Kanske borde de aldrig ha lagt ut sina nyheter gratis p\u00e5 n\u00e4tet, tills folk inte ville betala f\u00f6r att f\u00e5 dem i brevl\u00e5dan, halvgamla. Men nog saknar demokratin i mitt l\u00e4n den d\u00e4r redaktionen jag lycklig klev in p\u00e5 sommaren 1974, f\u00f6r att leva p\u00e5 pennan och blocket i en av fickorna p\u00e5 min reporterrock. Munkfors hette orten. Samma historia kunde ber\u00e4ttas om orter som Filipstad, Storfors, Kil, Grums, S\u00e4ffle, Forshaga, \u00c5rj\u00e4ng, Ambj\u00f6rby och Sunne.<\/p>\n<p>De har inte heller sin lokalredakt\u00f6r kvar. Min l\u00e4nstidning stannade inte.<\/p>\n<p><em><a href=\"https:\/\/sven-ove.nu\/wp-content\/uploads\/2015\/05\/Reporterblock.jpg\"><img loading=\"lazy\" decoding=\"async\" class=\"alignleft  wp-image-11744\" src=\"https:\/\/sven-ove.nu\/wp-content\/uploads\/2015\/05\/Reporterblock-225x300.jpg\" alt=\"Reporterblock\" width=\"105\" height=\"140\" srcset=\"https:\/\/sven-ove.nu\/wp-content\/uploads\/2015\/05\/Reporterblock-225x300.jpg 225w, https:\/\/sven-ove.nu\/wp-content\/uploads\/2015\/05\/Reporterblock-768x1024.jpg 768w, https:\/\/sven-ove.nu\/wp-content\/uploads\/2015\/05\/Reporterblock.jpg 1224w\" sizes=\"auto, (max-width: 105px) 100vw, 105px\" \/><\/a><strong>#<\/strong> 1994 blev Aftonbladet f\u00f6rsta svenska dagstidning p\u00e5 n\u00e4tet, allt startade med kulturbilagan.<br \/>\n<\/em><em><strong>#<\/strong> 1986 prenumererade 80 procent av hush\u00e5llen i landet p\u00e5 en papperstidning, 2012 var siffran 50 procent.<br \/>\n<\/em><em><strong>#<\/strong> P\u00e5 tio \u00e5r har var tredje lokalredaktion i landet lagts ner.<\/em><\/p>\n","protected":false},"excerpt":{"rendered":"<p>Min l\u00e4nstidning har en kr\u00f6nik\u00f6r som tycker illa om t\u00e5g som inte stannar men tiger om lokalredakt\u00f6rer som f\u00e5r g\u00e5. Det \u00e4r hans fulla r\u00e4tt, svenska folket har slagits f\u00f6r den friheten att tycka och trycka. Du f\u00e5r tycka att det \u00e4r skillnad p\u00e5 avg\u00e5ngar. En g\u00e5ng klev jag in p\u00e5 tidningens lokalredaktion i Munkfors. &hellip; <a href=\"https:\/\/sven-ove.nu\/?p=11741\" class=\"more-link\">Forts\u00e4tt l\u00e4sa <span class=\"screen-reader-text\">N\u00e4r knattret tystnar<\/span><\/a><\/p>\n","protected":false},"author":1,"featured_media":0,"comment_status":"open","ping_status":"open","sticky":false,"template":"","format":"standard","meta":{"_crdt_document":"","_monsterinsights_skip_tracking":false,"_monsterinsights_sitenote_active":false,"_monsterinsights_sitenote_note":"","_monsterinsights_sitenote_category":0,"footnotes":""},"categories":[28,4],"tags":[3,16,8,18,15],"class_list":["post-11741","post","type-post","status-publish","format-standard","hentry","category-kreativt-folk","category-skrivande","tag-arbete","tag-dumheter","tag-historia","tag-lardomar","tag-mediedjungeln"],"_links":{"self":[{"href":"https:\/\/sven-ove.nu\/index.php?rest_route=\/wp\/v2\/posts\/11741","targetHints":{"allow":["GET"]}}],"collection":[{"href":"https:\/\/sven-ove.nu\/index.php?rest_route=\/wp\/v2\/posts"}],"about":[{"href":"https:\/\/sven-ove.nu\/index.php?rest_route=\/wp\/v2\/types\/post"}],"author":[{"embeddable":true,"href":"https:\/\/sven-ove.nu\/index.php?rest_route=\/wp\/v2\/users\/1"}],"replies":[{"embeddable":true,"href":"https:\/\/sven-ove.nu\/index.php?rest_route=%2Fwp%2Fv2%2Fcomments&post=11741"}],"version-history":[{"count":4,"href":"https:\/\/sven-ove.nu\/index.php?rest_route=\/wp\/v2\/posts\/11741\/revisions"}],"predecessor-version":[{"id":11747,"href":"https:\/\/sven-ove.nu\/index.php?rest_route=\/wp\/v2\/posts\/11741\/revisions\/11747"}],"wp:attachment":[{"href":"https:\/\/sven-ove.nu\/index.php?rest_route=%2Fwp%2Fv2%2Fmedia&parent=11741"}],"wp:term":[{"taxonomy":"category","embeddable":true,"href":"https:\/\/sven-ove.nu\/index.php?rest_route=%2Fwp%2Fv2%2Fcategories&post=11741"},{"taxonomy":"post_tag","embeddable":true,"href":"https:\/\/sven-ove.nu\/index.php?rest_route=%2Fwp%2Fv2%2Ftags&post=11741"}],"curies":[{"name":"wp","href":"https:\/\/api.w.org\/{rel}","templated":true}]}}