{"id":11761,"date":"2015-05-19T03:00:42","date_gmt":"2015-05-19T02:00:42","guid":{"rendered":"http:\/\/sven-ove.nu\/?p=11761"},"modified":"2015-05-17T12:01:21","modified_gmt":"2015-05-17T11:01:21","slug":"teser-for-antirasister","status":"publish","type":"post","link":"https:\/\/sven-ove.nu\/?p=11761","title":{"rendered":"Test f\u00f6r antirasister"},"content":{"rendered":"<p><a href=\"https:\/\/sven-ove.nu\/wp-content\/uploads\/2015\/05\/Sk\u00e4rmavbild-2015-05-17-kl.-11.29.46.jpg\"><img loading=\"lazy\" decoding=\"async\" class=\" size-full wp-image-11763 alignnone\" src=\"https:\/\/sven-ove.nu\/wp-content\/uploads\/2015\/05\/Sk\u00e4rmavbild-2015-05-17-kl.-11.29.46.jpg\" alt=\"Sk\u00e4rmavbild 2015-05-17 kl. 11.29.46\" width=\"584\" height=\"306\" srcset=\"https:\/\/sven-ove.nu\/wp-content\/uploads\/2015\/05\/Sk\u00e4rmavbild-2015-05-17-kl.-11.29.46.jpg 584w, https:\/\/sven-ove.nu\/wp-content\/uploads\/2015\/05\/Sk\u00e4rmavbild-2015-05-17-kl.-11.29.46-300x157.jpg 300w\" sizes=\"auto, (max-width: 584px) 100vw, 584px\" \/><\/a><\/p>\n<p>Jag tycker: om vi \u00e4r f\u00f6r yttrandefrihet b\u00f6r vi ge \u00e4ven Jimmie \u00c5keson r\u00e4tt att f\u00e5 h\u00e5lla torgm\u00f6ten utan att bli avbruten, om vi vill bilda opinion \u00e4r det klokt att s\u00e4ga vad vi \u00e4r <strong>f\u00f6r<\/strong> minst lika ofta som vad vi \u00e4r <strong>emot<\/strong>, om vi \u00e4r f\u00f6r m\u00e5ngfald b\u00f6r vi ta s\u00e4rskild h\u00e4nsyn till minoriteter.<\/p>\n<p>Jag tycker: att det \u00e4r en felbed\u00f6mning att kalla SD fascistiskt s\u00e5 l\u00e4nge partiet erk\u00e4nner demokratin, att det \u00e4r fel att kalla 13 procent av de r\u00f6stande i Sverige f\u00f6r rasister, att det \u00e4r en tveksam analys av svensk polis om vi tror att k\u00e5ren best\u00e5r av n\u00e5gon sorts rasistiska och fascistiska dr\u00e4ngar. I mitt l\u00e4n \u00e4r det en polis som betytt allra mest\u00a0p\u00e5 1990- och 2000-talen f\u00f6r att minska h\u00f6gerextremismens utbredning och omv\u00e4nda unga nazister.<\/p>\n<p>Jag tycker: att det \u00e4r ett otaktiskt sl\u00f6seri med tid och kraft att f\u00f6rs\u00f6ka anm\u00e4la bort rasistiska och hatiska grupper och sidor fr\u00e5n Facebook.<\/p>\n<p style=\"padding-left: 30px;\"><strong><em>#<\/em><\/strong><em> F\u00f6rsiktigt, f\u00f6rsiktigt hindrar jag spelevinken inom mig fr\u00e5n att se n\u00e5gon galghumor i den polisanm\u00e4lan som SD-ordf\u00f6randen i mitt l\u00e4n gjort.<br \/>\n<\/em><strong><em>#<\/em><\/strong><em>\u00a0Distriktsordf\u00f6randen har anm\u00e4lt rasistiska kommentarer som folk gjort p\u00e5 SD-distriktets facebooksida, aprop\u00e5 att partiet\u00a0har en fullm\u00e4ktigeledamot med afrikanskt ursprung i min kommun.<br \/>\n<\/em><strong><em># <\/em><\/strong><em>Den h\u00e4ndelsen \u00e4r ett test. Hur \u00e4rlig \u00e4r v\u00e5r antirasism? G\u00e4ller den \u00e4ven svarta sverigedemokrater?<\/em><\/p>\n<p>Med deras politik har jag inget f\u00f6rbarmande.<\/p>\n<p style=\"padding-left: 30px;\">\n","protected":false},"excerpt":{"rendered":"<p>Jag tycker: om vi \u00e4r f\u00f6r yttrandefrihet b\u00f6r vi ge \u00e4ven Jimmie \u00c5keson r\u00e4tt att f\u00e5 h\u00e5lla torgm\u00f6ten utan att bli avbruten, om vi vill bilda opinion \u00e4r det klokt att s\u00e4ga vad vi \u00e4r f\u00f6r minst lika ofta som vad vi \u00e4r emot, om vi \u00e4r f\u00f6r m\u00e5ngfald b\u00f6r vi ta s\u00e4rskild h\u00e4nsyn till &hellip; <a href=\"https:\/\/sven-ove.nu\/?p=11761\" class=\"more-link\">Forts\u00e4tt l\u00e4sa <span class=\"screen-reader-text\">Test f\u00f6r antirasister<\/span><\/a><\/p>\n","protected":false},"author":1,"featured_media":0,"comment_status":"open","ping_status":"open","sticky":false,"template":"","format":"standard","meta":{"_crdt_document":"","_monsterinsights_skip_tracking":false,"_monsterinsights_sitenote_active":false,"_monsterinsights_sitenote_note":"","_monsterinsights_sitenote_category":0,"footnotes":""},"categories":[9],"tags":[16,18,15,20],"class_list":["post-11761","post","type-post","status-publish","format-standard","hentry","category-politik","tag-dumheter","tag-lardomar","tag-mediedjungeln","tag-rad"],"_links":{"self":[{"href":"https:\/\/sven-ove.nu\/index.php?rest_route=\/wp\/v2\/posts\/11761","targetHints":{"allow":["GET"]}}],"collection":[{"href":"https:\/\/sven-ove.nu\/index.php?rest_route=\/wp\/v2\/posts"}],"about":[{"href":"https:\/\/sven-ove.nu\/index.php?rest_route=\/wp\/v2\/types\/post"}],"author":[{"embeddable":true,"href":"https:\/\/sven-ove.nu\/index.php?rest_route=\/wp\/v2\/users\/1"}],"replies":[{"embeddable":true,"href":"https:\/\/sven-ove.nu\/index.php?rest_route=%2Fwp%2Fv2%2Fcomments&post=11761"}],"version-history":[{"count":14,"href":"https:\/\/sven-ove.nu\/index.php?rest_route=\/wp\/v2\/posts\/11761\/revisions"}],"predecessor-version":[{"id":11776,"href":"https:\/\/sven-ove.nu\/index.php?rest_route=\/wp\/v2\/posts\/11761\/revisions\/11776"}],"wp:attachment":[{"href":"https:\/\/sven-ove.nu\/index.php?rest_route=%2Fwp%2Fv2%2Fmedia&parent=11761"}],"wp:term":[{"taxonomy":"category","embeddable":true,"href":"https:\/\/sven-ove.nu\/index.php?rest_route=%2Fwp%2Fv2%2Fcategories&post=11761"},{"taxonomy":"post_tag","embeddable":true,"href":"https:\/\/sven-ove.nu\/index.php?rest_route=%2Fwp%2Fv2%2Ftags&post=11761"}],"curies":[{"name":"wp","href":"https:\/\/api.w.org\/{rel}","templated":true}]}}