{"id":11783,"date":"2015-05-21T03:00:58","date_gmt":"2015-05-21T02:00:58","guid":{"rendered":"http:\/\/sven-ove.nu\/?p=11783"},"modified":"2015-05-22T05:29:32","modified_gmt":"2015-05-22T04:29:32","slug":"tack-tiggare","status":"publish","type":"post","link":"https:\/\/sven-ove.nu\/?p=11783","title":{"rendered":"Tack, tiggare"},"content":{"rendered":"<p>Vi borde tacka tiggaren vid v\u00e5r Konsum-butik. V\u00e5r fina butik, det menar jag verkligen, med massor av m\u00e4ttande mat och miljonl\u00f6n \u00e5t forne vd:n.<\/p>\n<p>Vi borde tacka den avsatte vd:n ocks\u00e5, men det \u00e4r en annan historia. Han som fick f\u00f6r mycket och <a href=\"http:\/\/www.vf.se\/nyheter\/karlstad\/konsum-varmlands-vd-far-ga\" target=\"_blank\">fick g\u00e5<\/a> n\u00e4r journalisterna ber\u00e4ttade.<\/p>\n<p>Vi borde tacka <a href=\"http:\/\/www.nwt.se\/karlstad\/2015\/03\/19\/nwt-reportrar-fick-varmlands\" target=\"_blank\">journalisterna<\/a>, \u00e4ven det f\u00e5r v\u00e4nta. S\u00e5g du hur v\u00e4l de beh\u00f6vdes? Har du n\u00e5gonsin sett ett facebookinl\u00e4gg som avs\u00e4tter en kooperativ vd efter att denne hittat p\u00e5 att ge sig fantasil\u00f6n? Inte jag heller. Till s\u00e5dana ber\u00e4ttelser beh\u00f6ver vi media.<\/p>\n<p>Tack, tiggare, du visar oss Europa s\u00e5 fint. Allt blir s\u00e5 tydligt p\u00e5 v\u00e5ra trottoarer. Med en enkel r\u00f6relse med penningmuggen skiljer du varm fr\u00e5n h\u00e5rdh\u00e4nt, k\u00e4nslosam fr\u00e5n k\u00e4nslol\u00f6s, girig fr\u00e5n gener\u00f6s.<\/p>\n<p>Det \u00e4r s\u00e5 l\u00e4tt. Allt vi beh\u00f6ver g\u00f6ra \u00e4r att lyssna efter vilka som h\u00e4lsar tillbaka n\u00e4r de h\u00f6r ditt hej och se vilka som m\u00f6ter din blick. Jag skulle ha sv\u00e5rt att\u00a0\u00e4lska en m\u00e4nniska som inte h\u00e4lsar tillbaka. Sv\u00e5rt att\u00a0anst\u00e4lla en som inte g\u00f6r det. Fast du sitter p\u00e5 v\u00e5r stenl\u00e4ggning.<\/p>\n<p><a href=\"https:\/\/sven-ove.nu\/wp-content\/uploads\/2015\/02\/Tiggare-i-Forshaga.jpg\"><img loading=\"lazy\" decoding=\"async\" class=\" size-medium wp-image-10829 alignright\" src=\"https:\/\/sven-ove.nu\/wp-content\/uploads\/2015\/02\/Tiggare-i-Forshaga-300x294.jpg\" alt=\"Tiggare i Forshaga\" width=\"300\" height=\"294\" srcset=\"https:\/\/sven-ove.nu\/wp-content\/uploads\/2015\/02\/Tiggare-i-Forshaga-300x294.jpg 300w, https:\/\/sven-ove.nu\/wp-content\/uploads\/2015\/02\/Tiggare-i-Forshaga.jpg 485w\" sizes=\"auto, (max-width: 300px) 100vw, 300px\" \/><\/a>Hej sj\u00e4lv, tiggare. Vet du, det \u00e4r inte <em>ordet<\/em> tiggare som \u00e4r skamligt. Det \u00e4r att det beh\u00f6vs. \u00c5r 2015 \u00e4r det ett yrke h\u00e4r p\u00e5 trakten <a href=\"http:\/\/www.svt.se\/nyheter\/regionalt\/dalarna\/valstand-utrotade-svenskt-tiggeri\" target=\"_blank\">igen<\/a>. Det \u00e4r d\u00e4rf\u00f6r vi sk\u00e4ms, det \u00e4r d\u00e4rf\u00f6r vissa blir r\u00e4dda och andra arga.<\/p>\n<p>Tack f\u00f6r att du g\u00f6r v\u00e4rlden tydlig.\u00a0I mitt liv har <a href=\"http:\/\/www.svt.se\/nyheter\/vetenskap\/sverige-snabbast-pa-att-oka-ekonomiska-klyftor\" target=\"_blank\">klyftorna<\/a> i Forshaga aldrig varit s\u00e5 stora.<\/p>\n<p>Nu syns de.<\/p>\n<p style=\"text-align: right;\"><em># <a href=\"https:\/\/sven-ove.nu\/?p=11793\">N\u00e5gra l\u00e4nkar\u00a0om tiggardebatten, i dag och historiskt<\/a><\/em><\/p>\n","protected":false},"excerpt":{"rendered":"<p>Vi borde tacka tiggaren vid v\u00e5r Konsum-butik. V\u00e5r fina butik, det menar jag verkligen, med massor av m\u00e4ttande mat och miljonl\u00f6n \u00e5t forne vd:n. Vi borde tacka den avsatte vd:n ocks\u00e5, men det \u00e4r en annan historia. Han som fick f\u00f6r mycket och fick g\u00e5 n\u00e4r journalisterna ber\u00e4ttade. Vi borde tacka journalisterna, \u00e4ven det f\u00e5r &hellip; <a href=\"https:\/\/sven-ove.nu\/?p=11783\" class=\"more-link\">Forts\u00e4tt l\u00e4sa <span class=\"screen-reader-text\">Tack, tiggare<\/span><\/a><\/p>\n","protected":false},"author":1,"featured_media":0,"comment_status":"open","ping_status":"open","sticky":false,"template":"","format":"standard","meta":{"_crdt_document":"","_monsterinsights_skip_tracking":false,"_monsterinsights_sitenote_active":false,"_monsterinsights_sitenote_note":"","_monsterinsights_sitenote_category":0,"footnotes":""},"categories":[9,4],"tags":[3,18,17],"class_list":["post-11783","post","type-post","status-publish","format-standard","hentry","category-politik","category-skrivande","tag-arbete","tag-lardomar","tag-solidaritet"],"_links":{"self":[{"href":"https:\/\/sven-ove.nu\/index.php?rest_route=\/wp\/v2\/posts\/11783","targetHints":{"allow":["GET"]}}],"collection":[{"href":"https:\/\/sven-ove.nu\/index.php?rest_route=\/wp\/v2\/posts"}],"about":[{"href":"https:\/\/sven-ove.nu\/index.php?rest_route=\/wp\/v2\/types\/post"}],"author":[{"embeddable":true,"href":"https:\/\/sven-ove.nu\/index.php?rest_route=\/wp\/v2\/users\/1"}],"replies":[{"embeddable":true,"href":"https:\/\/sven-ove.nu\/index.php?rest_route=%2Fwp%2Fv2%2Fcomments&post=11783"}],"version-history":[{"count":10,"href":"https:\/\/sven-ove.nu\/index.php?rest_route=\/wp\/v2\/posts\/11783\/revisions"}],"predecessor-version":[{"id":11810,"href":"https:\/\/sven-ove.nu\/index.php?rest_route=\/wp\/v2\/posts\/11783\/revisions\/11810"}],"wp:attachment":[{"href":"https:\/\/sven-ove.nu\/index.php?rest_route=%2Fwp%2Fv2%2Fmedia&parent=11783"}],"wp:term":[{"taxonomy":"category","embeddable":true,"href":"https:\/\/sven-ove.nu\/index.php?rest_route=%2Fwp%2Fv2%2Fcategories&post=11783"},{"taxonomy":"post_tag","embeddable":true,"href":"https:\/\/sven-ove.nu\/index.php?rest_route=%2Fwp%2Fv2%2Ftags&post=11783"}],"curies":[{"name":"wp","href":"https:\/\/api.w.org\/{rel}","templated":true}]}}