{"id":11793,"date":"2015-05-22T03:00:30","date_gmt":"2015-05-22T02:00:30","guid":{"rendered":"http:\/\/sven-ove.nu\/?p=11793"},"modified":"2015-05-22T04:51:18","modified_gmt":"2015-05-22T03:51:18","slug":"kan-min-tjuga-radda-ett-liv-ar-valet-latt","status":"publish","type":"post","link":"https:\/\/sven-ove.nu\/?p=11793","title":{"rendered":"Kan min tjuga r\u00e4dda ett liv \u00e4r valet l\u00e4tt"},"content":{"rendered":"<p>F\u00f6rdelen med att ha ett jobb att g\u00e5 till p\u00e5 dagarna \u00e4r att jag f\u00e5r pengar till filmj\u00f6lk och tr\u00e4ffar en massa trevliga arbetskamrater. Nackdelen \u00e4r att det hindrar mig fr\u00e5n att delta s\u00e4rskilt aktivt i de diskussioner p\u00e5 facebook som mina blogginl\u00e4gg p\u00e5 morgonen startar. N\u00e4r det n\u00e5gon g\u00e5ng h\u00e4nder.<\/p>\n<p><a href=\"https:\/\/sven-ove.nu\/?p=11783\">I g\u00e5r var en s\u00e5dan dag<\/a>. D\u00e4rf\u00f6r kommer en forts\u00e4ttning h\u00e4r i st\u00e4llet, p\u00e5 g\u00e5rdagens tiggardebatt. F\u00f6rst ett f\u00f6rtydligande. Jag menar inte att n\u00e5gon i debatten i g\u00e5r skulle ha minsta dragning \u00e5t det nazistiska h\u00e5llet. Allt jag menar med f\u00f6rsta l\u00e4nken \u00e4r att myten om det kriminellt organiserade tiggeriet \u00e4r \u00e4ldre \u00e4n vissa anar. Den \u00e4r en myt som redan den tyske propagandaministern Goebbels anv\u00e4nde i sin agitation. Jag publicerar l\u00e4nken f\u00f6r den historiskt intresserade. Kanske \u00e4r det fler \u00e4n jag som tycker att det l\u00e4nkade blogginl\u00e4gget om nazisternas tiggarpolitik ger perspektiv p\u00e5 dagens debatt.<\/p>\n<p>Torbj\u00f6rn Jerlerup har\u00a0skrivit inl\u00e4gget. Han och jag \u00e4r s\u00e4kert inte \u00f6verens om allt h\u00e4r i v\u00e4rlden, men det han skriver h\u00e4r \u00e4r intressant tycker jag.<br \/>\n<a href=\"https:\/\/ligator.wordpress.com\/2014\/05\/14\/nazisternas-kamp-mot-det-organiserade-tiggeriet-1933\/\">Nazisternas kamp mot det \u201dorganiserade tiggeriet\u201d 1933<\/a><\/p>\n<p>En annan text om tiggeriet, historiskt.<br \/>\n<a href=\"http:\/\/www.forskning.se\/nyheterfakta\/nyheter\/forskningsesartiklar\/tiggerigenomtidernaettsocialtdilemma.5.426a72d614c33b887a0ccb.html\">Tiggeriet genom tiderna \u2013 ett socialt dilemma<\/a><\/p>\n<p>N\u00e5gra texter om dagens situation.<br \/>\n<a href=\"http:\/\/www.aftonbladet.se\/ledare\/ledarkronika\/anderslindberg\/article20819696.ab\">Organiserat tiggeri \u00e4r en r\u00e5tta i pizzan<br \/>\n<\/a><a href=\"http:\/\/www.vf.se\/asikter\/ledare\/en-dalig-dag-journalistiken\">En d\u00e5lig dag f\u00f6r journalistiken<br \/>\n<\/a><a href=\"http:\/\/www.expressen.se\/nyheter\/nu-backar-polisen--ar-inte-organiserat-tiggeri\/\">Nu backar polisen \u2013 \u00e4r inte organiserat tiggeri<\/a><\/p>\n<p>L\u00e4s och begrunda. Min \u00e5sikt st\u00e5r jag fast vid. Om en hungrande m\u00e4nniska beh\u00f6ver min tjuga f\u00f6r att \u00f6verleva, d\u00e5 \u00e4r valet l\u00e4tt. Jag \u00e4r verkligen f\u00f6r att exempelvis romernas situation m\u00e5ste l\u00f6sas i deras hemland \u2013 ocks\u00e5. Det \u00e4r EU-politikernas och deras rum\u00e4nska kollegers\u00a0f\u00f6rbaskade skyldighet. Men kan jag minska n\u00e5gon enda medm\u00e4nniskas lidande innan dess, d\u00e5 \u00e4r valet vid tiggarmuggen enkelt.<\/p>\n<p>Ge.<\/p>\n<p style=\"padding-left: 30px;\"><em><a href=\"https:\/\/sven-ove.nu\/wp-content\/uploads\/2015\/02\/Varf\u00f6r-s\u00e4ger-du-s\u00e5.jpg\"><img loading=\"lazy\" decoding=\"async\" class=\" size-thumbnail wp-image-10644 alignright\" src=\"https:\/\/sven-ove.nu\/wp-content\/uploads\/2015\/02\/Varf\u00f6r-s\u00e4ger-du-s\u00e5-150x150.jpg\" alt=\"Varf\u00f6r s\u00e4ger du s\u00e5\" width=\"150\" height=\"150\" \/><\/a><strong>#<\/strong> F\u00f6r \u00f6vrigt bor v\u00e5r\u00a0lokale tiggare fr\u00e5n Konsumbutiken i ett tillf\u00e4lligt boende n\u00e5gra kvarter bort, som v\u00e4nliga m\u00e4nniskor i R\u00f6da Korset hj\u00e4lper honom med. Han fraktas inte runt per lyxbil varje\u00a0morgon, han har g\u00e5ngavst\u00e5nd.<\/em><\/p>\n","protected":false},"excerpt":{"rendered":"<p>F\u00f6rdelen med att ha ett jobb att g\u00e5 till p\u00e5 dagarna \u00e4r att jag f\u00e5r pengar till filmj\u00f6lk och tr\u00e4ffar en massa trevliga arbetskamrater. Nackdelen \u00e4r att det hindrar mig fr\u00e5n att delta s\u00e4rskilt aktivt i de diskussioner p\u00e5 facebook som mina blogginl\u00e4gg p\u00e5 morgonen startar. N\u00e4r det n\u00e5gon g\u00e5ng h\u00e4nder. I g\u00e5r var en &hellip; <a href=\"https:\/\/sven-ove.nu\/?p=11793\" class=\"more-link\">Forts\u00e4tt l\u00e4sa <span class=\"screen-reader-text\">Kan min tjuga r\u00e4dda ett liv \u00e4r valet l\u00e4tt<\/span><\/a><\/p>\n","protected":false},"author":1,"featured_media":0,"comment_status":"open","ping_status":"open","sticky":false,"template":"","format":"standard","meta":{"_crdt_document":"","_monsterinsights_skip_tracking":false,"_monsterinsights_sitenote_active":false,"_monsterinsights_sitenote_note":"","_monsterinsights_sitenote_category":0,"footnotes":""},"categories":[9,4],"tags":[18,14,17],"class_list":["post-11793","post","type-post","status-publish","format-standard","hentry","category-politik","category-skrivande","tag-lardomar","tag-lasning","tag-solidaritet"],"_links":{"self":[{"href":"https:\/\/sven-ove.nu\/index.php?rest_route=\/wp\/v2\/posts\/11793","targetHints":{"allow":["GET"]}}],"collection":[{"href":"https:\/\/sven-ove.nu\/index.php?rest_route=\/wp\/v2\/posts"}],"about":[{"href":"https:\/\/sven-ove.nu\/index.php?rest_route=\/wp\/v2\/types\/post"}],"author":[{"embeddable":true,"href":"https:\/\/sven-ove.nu\/index.php?rest_route=\/wp\/v2\/users\/1"}],"replies":[{"embeddable":true,"href":"https:\/\/sven-ove.nu\/index.php?rest_route=%2Fwp%2Fv2%2Fcomments&post=11793"}],"version-history":[{"count":16,"href":"https:\/\/sven-ove.nu\/index.php?rest_route=\/wp\/v2\/posts\/11793\/revisions"}],"predecessor-version":[{"id":11809,"href":"https:\/\/sven-ove.nu\/index.php?rest_route=\/wp\/v2\/posts\/11793\/revisions\/11809"}],"wp:attachment":[{"href":"https:\/\/sven-ove.nu\/index.php?rest_route=%2Fwp%2Fv2%2Fmedia&parent=11793"}],"wp:term":[{"taxonomy":"category","embeddable":true,"href":"https:\/\/sven-ove.nu\/index.php?rest_route=%2Fwp%2Fv2%2Fcategories&post=11793"},{"taxonomy":"post_tag","embeddable":true,"href":"https:\/\/sven-ove.nu\/index.php?rest_route=%2Fwp%2Fv2%2Ftags&post=11793"}],"curies":[{"name":"wp","href":"https:\/\/api.w.org\/{rel}","templated":true}]}}