{"id":11833,"date":"2015-05-28T03:00:04","date_gmt":"2015-05-28T02:00:04","guid":{"rendered":"http:\/\/sven-ove.nu\/?p=11833"},"modified":"2015-05-26T09:29:05","modified_gmt":"2015-05-26T08:29:05","slug":"hen-icke","status":"publish","type":"post","link":"https:\/\/sven-ove.nu\/?p=11833","title":{"rendered":"&#8221;Hen?&#8221; &#8221;Icke!&#8221;"},"content":{"rendered":"<p><a href=\"https:\/\/sven-ove.nu\/wp-content\/uploads\/2015\/05\/3D-glas\u00f6gon.jpg\"><img loading=\"lazy\" decoding=\"async\" class=\" size-large wp-image-11835 alignnone\" src=\"https:\/\/sven-ove.nu\/wp-content\/uploads\/2015\/05\/3D-glas\u00f6gon-1024x551.jpg\" alt=\"3D-glas\u00f6gon\" width=\"660\" height=\"355\" srcset=\"https:\/\/sven-ove.nu\/wp-content\/uploads\/2015\/05\/3D-glas\u00f6gon-1024x551.jpg 1024w, https:\/\/sven-ove.nu\/wp-content\/uploads\/2015\/05\/3D-glas\u00f6gon-300x161.jpg 300w, https:\/\/sven-ove.nu\/wp-content\/uploads\/2015\/05\/3D-glas\u00f6gon.jpg 1632w\" sizes=\"auto, (max-width: 660px) 100vw, 660px\" \/><\/a><\/p>\n<p>Alla r\u00e4dda svenskar som fruktar ordet \u201dhen\u201d mer \u00e4n v\u00e4rldsfattigdomen, kriget i Syrien och massflyktingd\u00f6den i Medelhavet kommer att erbjudas ett eget boende i Hen-icke-hammar utanf\u00f6r Filipstad.<\/p>\n<p>Mest p\u00e5 grund av namnet (gammelstavat).<\/p>\n<p>En s\u00e4rskild entrepren\u00f6r, Bert Karlsson, har utsetts att organisera boendet. Han kommer att ta rimligt betalt. Absolut. Den som inte s\u00e4ger \u201dhan eller hon\u201d kommer att skickas hem direkt. Eller \u201dh\u00e4n\u201d som man s\u00e4ger.<\/p>\n<p>En enda helgdag f\u00e5r firas p\u00e5 orten. Henl\u00f6sa barns dag.<br \/>\nDen infaller hela tiden.<\/p>\n<p>I Hen-icke-hammar.<\/p>\n","protected":false},"excerpt":{"rendered":"<p>Alla r\u00e4dda svenskar som fruktar ordet \u201dhen\u201d mer \u00e4n v\u00e4rldsfattigdomen, kriget i Syrien och massflyktingd\u00f6den i Medelhavet kommer att erbjudas ett eget boende i Hen-icke-hammar utanf\u00f6r Filipstad. Mest p\u00e5 grund av namnet (gammelstavat). En s\u00e4rskild entrepren\u00f6r, Bert Karlsson, har utsetts att organisera boendet. Han kommer att ta rimligt betalt. Absolut. Den som inte s\u00e4ger \u201dhan &hellip; <a href=\"https:\/\/sven-ove.nu\/?p=11833\" class=\"more-link\">Forts\u00e4tt l\u00e4sa <span class=\"screen-reader-text\">&#8221;Hen?&#8221; &#8221;Icke!&#8221;<\/span><\/a><\/p>\n","protected":false},"author":1,"featured_media":0,"comment_status":"open","ping_status":"open","sticky":false,"template":"","format":"standard","meta":{"_crdt_document":"","_monsterinsights_skip_tracking":false,"_monsterinsights_sitenote_active":false,"_monsterinsights_sitenote_note":"","_monsterinsights_sitenote_category":0,"footnotes":""},"categories":[4],"tags":[16],"class_list":["post-11833","post","type-post","status-publish","format-standard","hentry","category-skrivande","tag-dumheter"],"_links":{"self":[{"href":"https:\/\/sven-ove.nu\/index.php?rest_route=\/wp\/v2\/posts\/11833","targetHints":{"allow":["GET"]}}],"collection":[{"href":"https:\/\/sven-ove.nu\/index.php?rest_route=\/wp\/v2\/posts"}],"about":[{"href":"https:\/\/sven-ove.nu\/index.php?rest_route=\/wp\/v2\/types\/post"}],"author":[{"embeddable":true,"href":"https:\/\/sven-ove.nu\/index.php?rest_route=\/wp\/v2\/users\/1"}],"replies":[{"embeddable":true,"href":"https:\/\/sven-ove.nu\/index.php?rest_route=%2Fwp%2Fv2%2Fcomments&post=11833"}],"version-history":[{"count":5,"href":"https:\/\/sven-ove.nu\/index.php?rest_route=\/wp\/v2\/posts\/11833\/revisions"}],"predecessor-version":[{"id":11839,"href":"https:\/\/sven-ove.nu\/index.php?rest_route=\/wp\/v2\/posts\/11833\/revisions\/11839"}],"wp:attachment":[{"href":"https:\/\/sven-ove.nu\/index.php?rest_route=%2Fwp%2Fv2%2Fmedia&parent=11833"}],"wp:term":[{"taxonomy":"category","embeddable":true,"href":"https:\/\/sven-ove.nu\/index.php?rest_route=%2Fwp%2Fv2%2Fcategories&post=11833"},{"taxonomy":"post_tag","embeddable":true,"href":"https:\/\/sven-ove.nu\/index.php?rest_route=%2Fwp%2Fv2%2Ftags&post=11833"}],"curies":[{"name":"wp","href":"https:\/\/api.w.org\/{rel}","templated":true}]}}