{"id":11896,"date":"2015-06-08T03:00:23","date_gmt":"2015-06-08T02:00:23","guid":{"rendered":"http:\/\/sven-ove.nu\/?p=11896"},"modified":"2015-06-08T05:34:47","modified_gmt":"2015-06-08T04:34:47","slug":"helg-i-den-medelstora-tatorten-vid-alve","status":"publish","type":"post","link":"https:\/\/sven-ove.nu\/?p=11896","title":{"rendered":"Helg i den medelstora t\u00e4torten vid \u00e4lven"},"content":{"rendered":"<p>Jag \u00e4r blyg privat men inte lika blyg p\u00e5 n\u00e4tet. Det \u00e4r som om det g\u00e5r l\u00e4ttare att umg\u00e5s med ett tangentbord mellan mig och medm\u00e4nniskorna, de som tittar in p\u00e5 bloggen och facebook. H\u00e4r \u00e4r helgens fb-texter och n\u00e5gra av bilderna.<\/p>\n<p style=\"padding-left: 30px;\"><span style=\"color: #ff0000;\">(Har du sett det mesta f\u00f6rut i fl\u00f6det? D\u00e5 kanske du kan l\u00e4sa min handledning vid m\u00f6te med rovdjur i st\u00e4llet:<\/span><br \/>\n<span style=\"color: #ff0000;\"><span style=\"color: #000000;\"> <strong>L\u00e4nk:<\/strong>\u00a0<\/span><a style=\"color: #ff0000;\" href=\"https:\/\/sven-ove.nu\/?p=1056\">S\u00e5 g\u00f6r du om du m\u00f6ter en riskkapitalist<\/a>)<\/span><\/p>\n<p>En medelnationaldagshelg i den medelstora mindre t\u00e4torten vid den mer \u00e4n medell\u00e5nga \u00e4lven.<\/p>\n<p><strong>Fredag, kl 13.31<br \/>\n<\/strong><em>Friskv\u00e5rdskampanj p\u00e5 jobbet i maj, blivit bel\u00f6nad med presentkort f\u00f6r att jag cyklat och r\u00f6rt mig. S\u00e5 nu ska jag strax ut och premi\u00e4rlufta nya v\u00e4tskeb\u00e4ltet och springstrumporna som jag cyklat mig till. Allt du beh\u00f6ver som l\u00f6pare \u00e4r bra skor, men nu har jag n\u00e5nstans att stoppa mobilen. Den blir bra att ha n\u00e4r vildsvinen kommer. Vita och ljusgr\u00f6na strumpor, ingen lerig skogsrunda i dag. Trivs.<\/em><\/p>\n<p><a href=\"https:\/\/sven-ove.nu\/wp-content\/uploads\/2015\/06\/bild.jpg\"><img loading=\"lazy\" decoding=\"async\" class=\" size-large wp-image-11901 alignnone\" src=\"https:\/\/sven-ove.nu\/wp-content\/uploads\/2015\/06\/bild-1024x755.jpg\" alt=\"bild\" width=\"660\" height=\"487\" srcset=\"https:\/\/sven-ove.nu\/wp-content\/uploads\/2015\/06\/bild-1024x755.jpg 1024w, https:\/\/sven-ove.nu\/wp-content\/uploads\/2015\/06\/bild-300x221.jpg 300w, https:\/\/sven-ove.nu\/wp-content\/uploads\/2015\/06\/bild.jpg 1535w\" sizes=\"auto, (max-width: 660px) 100vw, 660px\" \/><\/a><\/p>\n<p><strong>Fredag kl 16.52<br \/>\n<\/strong><em>Ideellt arbete \u00e4r alltid sp\u00e4nnande, men en del dagar med orienteringssatsningen <a href=\"http:\/\/forshaga.stolpjakten.se\">Friska Forshaga<\/a> \u00e4r mer sp\u00e4nnande \u00e4n andra. Pl\u00f6tsligt s\u00e5g v\u00e4dergudar och kraftverksgubbar till att stolpe 18 stod dold, l\u00e5ngt ute i Klar\u00e4lvens vatten. On\u00e5bart f\u00f6r andra \u00e4n Eder uts\u00e4nde. Under sv\u00e5ra strapatser vadades det ut, rycktes det och slets det med isvatten till hakan \u2013 och segrades det \ud83d\ude09 Nu \u00e4r stolpe 18 b\u00e4rgad till land och nerk\u00f6rd p\u00e5 en torrare del av jordklotet. Hurra! (Foto: En k\u00e4r klubbmedlem).<\/em><\/p>\n<p><a href=\"https:\/\/sven-ove.nu\/wp-content\/uploads\/2015\/06\/R\u00e4ddarstolpe18.jpg\"><img loading=\"lazy\" decoding=\"async\" class=\" size-large wp-image-11903 alignnone\" src=\"https:\/\/sven-ove.nu\/wp-content\/uploads\/2015\/06\/R\u00e4ddarstolpe18-1024x768.jpg\" alt=\"R\u00e4ddarstolpe18\" width=\"660\" height=\"495\" srcset=\"https:\/\/sven-ove.nu\/wp-content\/uploads\/2015\/06\/R\u00e4ddarstolpe18-1024x768.jpg 1024w, https:\/\/sven-ove.nu\/wp-content\/uploads\/2015\/06\/R\u00e4ddarstolpe18-300x225.jpg 300w, https:\/\/sven-ove.nu\/wp-content\/uploads\/2015\/06\/R\u00e4ddarstolpe18.jpg 1632w\" sizes=\"auto, (max-width: 660px) 100vw, 660px\" \/><\/a><\/p>\n<p><strong>L\u00f6rdag kl 15.57<br \/>\n<\/strong><em>L\u00f6rdag i mellersta kommundelen. Det regnar p\u00e5 torget och vi glider in p\u00e5 Dejes nya galleri bredvid blomsteraff\u00e4ren. Fj\u00e4rilar, f\u00e5glar, vatten. Far vidare till den kulturella <a href=\"https:\/\/www.facebook.com\/UllerudsTeateraktorerMedGamlaKraftstationen?fref=ts\">kraftstationen<\/a> p\u00e5 andra sidan forsen d\u00e4r konst, musik och m\u00e5ngfaldsfika st\u00e4mt tr\u00e4ff. Gillar den somaliska bakelsen, lyssnar till nationaldagstal av konstn\u00e4ren Niklas Pix Bodin och gitarrspel av Guitars Limited. Sj\u00e4lv \u00e4gnar jag mig \u00e5t hundterapi, tack vare Christina Ros\u00e9ns keramiska hundskulpturer. De finns \u00f6verallt bland turbiner och traverser. Vill ha!<\/em><\/p>\n<p><a href=\"https:\/\/sven-ove.nu\/wp-content\/uploads\/2015\/06\/Hund-med-skugga.jpg\"><img loading=\"lazy\" decoding=\"async\" class=\" size-full wp-image-11906 alignnone\" src=\"https:\/\/sven-ove.nu\/wp-content\/uploads\/2015\/06\/Hund-med-skugga.jpg\" alt=\"Hund med skugga\" width=\"960\" height=\"720\" srcset=\"https:\/\/sven-ove.nu\/wp-content\/uploads\/2015\/06\/Hund-med-skugga.jpg 960w, https:\/\/sven-ove.nu\/wp-content\/uploads\/2015\/06\/Hund-med-skugga-300x225.jpg 300w\" sizes=\"auto, (max-width: 960px) 100vw, 960px\" \/><\/a><\/p>\n<p><strong>Instagram, l\u00f6rdag kl 16.01<br \/>\n<\/strong><em>Naturkraft i mellersta kommundelen.<\/em><\/p>\n<div style=\"width: 660px;\" class=\"wp-video\"><video class=\"wp-video-shortcode\" id=\"video-11896-1\" width=\"660\" height=\"371\" preload=\"metadata\" controls=\"controls\"><source type=\"video\/mp4\" src=\"https:\/\/sven-ove.nu\/wp-content\/uploads\/2015\/06\/Dejeforsen-6-juni-2015-2.mp4?_=1\" \/><a href=\"https:\/\/sven-ove.nu\/wp-content\/uploads\/2015\/06\/Dejeforsen-6-juni-2015-2.mp4\">https:\/\/sven-ove.nu\/wp-content\/uploads\/2015\/06\/Dejeforsen-6-juni-2015-2.mp4<\/a><\/video><\/div>\n<p><strong>L\u00f6rdag kl 17.05, gruppen Front mot rasism och fascism<br \/>\n<\/strong><em>Det finns dagar d\u00e5 jag undrar vad de allvarligt syftande komikerna Hasse &amp; Tage skulle ha sagt och gjort i dag, n\u00e4r fr\u00e4mlingsfientligheten vinner mark. H\u00e4r en s\u00e5ng ur revyn Gula Hund 1966. Monica Zetterlund sjunger och s\u00e5 hade vi INTE h\u00f6rt nationals\u00e5ngen tidigare.<\/em><\/p>\n<p><em><strong>L\u00e4nk:<\/strong>\u00a0<a href=\"https:\/\/www.youtube.com\/watch?v=d9_3NT_141U\">Gula Hund: Vara riktigt svensk<\/a><\/em><\/p>\n<p><strong>S\u00f6ndag kl 15.14<br \/>\n<\/strong><em>Var det 19 \u00e5r sedan sist? Kanske 18? I dag var det dags igen. F\u00f6ljde med p\u00e5 SISU Forshagas l\u00f6psektions s\u00f6ndagstr\u00e4ning. Gubben \u00e4r l\u00e5ngsam men kamraterna var artiga och h\u00f6ll igen. Milbanan medurs, g\u00f4tt. (N\u00e5gra sprang l\u00e4ngre sedan). Tack f\u00f6r s\u00e4llskapet, detta g\u00f6r vi \u00f4m.<\/em><\/p>\n<p style=\"padding-left: 60px;\">*<\/p>\n<p>S\u00e5d\u00e4r, nu kan de digitala arkeologerna komma om 4 000 \u00e5r. P\u00e5 detta vis levde en medelmellansvensk familj sina dagar i det begynnande 2000-talet. Vadade, fruktade vildgrisar, tillbad spralliga forsar och f\u00f6rstelnade\u00a0hundar.<\/p>\n<p>Absolut.<\/p>\n","protected":false},"excerpt":{"rendered":"<p>Jag \u00e4r blyg privat men inte lika blyg p\u00e5 n\u00e4tet. Det \u00e4r som om det g\u00e5r l\u00e4ttare att umg\u00e5s med ett tangentbord mellan mig och medm\u00e4nniskorna, de som tittar in p\u00e5 bloggen och facebook. H\u00e4r \u00e4r helgens fb-texter och n\u00e5gra av bilderna. (Har du sett det mesta f\u00f6rut i fl\u00f6det? D\u00e5 kanske du kan l\u00e4sa &hellip; <a href=\"https:\/\/sven-ove.nu\/?p=11896\" class=\"more-link\">Forts\u00e4tt l\u00e4sa <span class=\"screen-reader-text\">Helg i den medelstora t\u00e4torten vid \u00e4lven<\/span><\/a><\/p>\n","protected":false},"author":1,"featured_media":0,"comment_status":"open","ping_status":"open","sticky":false,"template":"","format":"standard","meta":{"_crdt_document":"","_monsterinsights_skip_tracking":false,"_monsterinsights_sitenote_active":false,"_monsterinsights_sitenote_note":"","_monsterinsights_sitenote_category":0,"footnotes":""},"categories":[10,28,5,6,9],"tags":[24,25,17,13],"class_list":["post-11896","post","type-post","status-publish","format-standard","hentry","category-familjen","category-kreativt-folk","category-lopning","category-natur","category-politik","tag-karlek","tag-kartan","tag-solidaritet","tag-utrustning"],"_links":{"self":[{"href":"https:\/\/sven-ove.nu\/index.php?rest_route=\/wp\/v2\/posts\/11896","targetHints":{"allow":["GET"]}}],"collection":[{"href":"https:\/\/sven-ove.nu\/index.php?rest_route=\/wp\/v2\/posts"}],"about":[{"href":"https:\/\/sven-ove.nu\/index.php?rest_route=\/wp\/v2\/types\/post"}],"author":[{"embeddable":true,"href":"https:\/\/sven-ove.nu\/index.php?rest_route=\/wp\/v2\/users\/1"}],"replies":[{"embeddable":true,"href":"https:\/\/sven-ove.nu\/index.php?rest_route=%2Fwp%2Fv2%2Fcomments&post=11896"}],"version-history":[{"count":18,"href":"https:\/\/sven-ove.nu\/index.php?rest_route=\/wp\/v2\/posts\/11896\/revisions"}],"predecessor-version":[{"id":11919,"href":"https:\/\/sven-ove.nu\/index.php?rest_route=\/wp\/v2\/posts\/11896\/revisions\/11919"}],"wp:attachment":[{"href":"https:\/\/sven-ove.nu\/index.php?rest_route=%2Fwp%2Fv2%2Fmedia&parent=11896"}],"wp:term":[{"taxonomy":"category","embeddable":true,"href":"https:\/\/sven-ove.nu\/index.php?rest_route=%2Fwp%2Fv2%2Fcategories&post=11896"},{"taxonomy":"post_tag","embeddable":true,"href":"https:\/\/sven-ove.nu\/index.php?rest_route=%2Fwp%2Fv2%2Ftags&post=11896"}],"curies":[{"name":"wp","href":"https:\/\/api.w.org\/{rel}","templated":true}]}}