{"id":11921,"date":"2015-06-10T03:00:11","date_gmt":"2015-06-10T02:00:11","guid":{"rendered":"http:\/\/sven-ove.nu\/?p=11921"},"modified":"2015-06-08T17:46:24","modified_gmt":"2015-06-08T16:46:24","slug":"vi-log-och-forstod","status":"publish","type":"post","link":"https:\/\/sven-ove.nu\/?p=11921","title":{"rendered":"Vi log och f\u00f6rstod"},"content":{"rendered":"<p><a href=\"https:\/\/sven-ove.nu\/wp-content\/uploads\/2015\/06\/Kamera.jpg\"><img loading=\"lazy\" decoding=\"async\" class=\" size-large wp-image-11923 alignnone\" src=\"https:\/\/sven-ove.nu\/wp-content\/uploads\/2015\/06\/Kamera-1024x701.jpg\" alt=\"Kamera\" width=\"660\" height=\"452\" srcset=\"https:\/\/sven-ove.nu\/wp-content\/uploads\/2015\/06\/Kamera-1024x701.jpg 1024w, https:\/\/sven-ove.nu\/wp-content\/uploads\/2015\/06\/Kamera-300x206.jpg 300w\" sizes=\"auto, (max-width: 660px) 100vw, 660px\" \/><\/a><\/p>\n<p>En g\u00e5ng fick vi inbjudan till en pressaktivitet. Det var en f\u00f6rening av mindre slag som ville ber\u00e4tta n\u00e5got viktigt.<\/p>\n<p>S\u00e5 g\u00f6r m\u00e5nga, det \u00e4r ingenting konstigt med det. Vad vi f\u00e4ste oss vid var sista meningen i brevet. \u00c4n har jag inte sett n\u00e5gon modern kommunikat\u00f6r skriva lika direkt svenska:<\/p>\n<p>Medtag fotograf.<\/p>\n","protected":false},"excerpt":{"rendered":"<p>En g\u00e5ng fick vi inbjudan till en pressaktivitet. Det var en f\u00f6rening av mindre slag som ville ber\u00e4tta n\u00e5got viktigt. S\u00e5 g\u00f6r m\u00e5nga, det \u00e4r ingenting konstigt med det. Vad vi f\u00e4ste oss vid var sista meningen i brevet. \u00c4n har jag inte sett n\u00e5gon modern kommunikat\u00f6r skriva lika direkt svenska: Medtag fotograf.<\/p>\n","protected":false},"author":1,"featured_media":0,"comment_status":"open","ping_status":"open","sticky":false,"template":"","format":"standard","meta":{"_crdt_document":"","_monsterinsights_skip_tracking":false,"_monsterinsights_sitenote_active":false,"_monsterinsights_sitenote_note":"","_monsterinsights_sitenote_category":0,"footnotes":""},"categories":[4],"tags":[3,15,21],"class_list":["post-11921","post","type-post","status-publish","format-standard","hentry","category-skrivande","tag-arbete","tag-mediedjungeln","tag-ord"],"_links":{"self":[{"href":"https:\/\/sven-ove.nu\/index.php?rest_route=\/wp\/v2\/posts\/11921","targetHints":{"allow":["GET"]}}],"collection":[{"href":"https:\/\/sven-ove.nu\/index.php?rest_route=\/wp\/v2\/posts"}],"about":[{"href":"https:\/\/sven-ove.nu\/index.php?rest_route=\/wp\/v2\/types\/post"}],"author":[{"embeddable":true,"href":"https:\/\/sven-ove.nu\/index.php?rest_route=\/wp\/v2\/users\/1"}],"replies":[{"embeddable":true,"href":"https:\/\/sven-ove.nu\/index.php?rest_route=%2Fwp%2Fv2%2Fcomments&post=11921"}],"version-history":[{"count":2,"href":"https:\/\/sven-ove.nu\/index.php?rest_route=\/wp\/v2\/posts\/11921\/revisions"}],"predecessor-version":[{"id":11924,"href":"https:\/\/sven-ove.nu\/index.php?rest_route=\/wp\/v2\/posts\/11921\/revisions\/11924"}],"wp:attachment":[{"href":"https:\/\/sven-ove.nu\/index.php?rest_route=%2Fwp%2Fv2%2Fmedia&parent=11921"}],"wp:term":[{"taxonomy":"category","embeddable":true,"href":"https:\/\/sven-ove.nu\/index.php?rest_route=%2Fwp%2Fv2%2Fcategories&post=11921"},{"taxonomy":"post_tag","embeddable":true,"href":"https:\/\/sven-ove.nu\/index.php?rest_route=%2Fwp%2Fv2%2Ftags&post=11921"}],"curies":[{"name":"wp","href":"https:\/\/api.w.org\/{rel}","templated":true}]}}