{"id":11945,"date":"2015-06-12T03:00:36","date_gmt":"2015-06-12T02:00:36","guid":{"rendered":"http:\/\/sven-ove.nu\/?p=11945"},"modified":"2015-06-09T08:52:31","modified_gmt":"2015-06-09T07:52:31","slug":"laaaaar-mig","status":"publish","type":"post","link":"https:\/\/sven-ove.nu\/?p=11945","title":{"rendered":"L\u00e4\u00e4\u00e4\u00e4\u00e4r mig!"},"content":{"rendered":"<p><a href=\"https:\/\/sven-ove.nu\/wp-content\/uploads\/2014\/09\/Tjur.jpg\"><img loading=\"lazy\" decoding=\"async\" class=\" size-large wp-image-9532 alignnone\" src=\"https:\/\/sven-ove.nu\/wp-content\/uploads\/2014\/09\/Tjur-1024x615.jpg\" alt=\"Tjur\" width=\"660\" height=\"396\" srcset=\"https:\/\/sven-ove.nu\/wp-content\/uploads\/2014\/09\/Tjur-1024x615.jpg 1024w, https:\/\/sven-ove.nu\/wp-content\/uploads\/2014\/09\/Tjur-300x180.jpg 300w, https:\/\/sven-ove.nu\/wp-content\/uploads\/2014\/09\/Tjur.jpg 1632w\" sizes=\"auto, (max-width: 660px) 100vw, 660px\" \/><\/a><\/p>\n<p>Jag l\u00e4r mig hela tiden. Nu kommer jag till n\u00e5got som jag har f\u00f6rst\u00e5tt ett tag, men aldrig riktigt f\u00f6rtydligat h\u00e4r. Definitionen handlar det om. I juni i fjol skrev jag detta, om klassf\u00f6rakt och rasism:<\/p>\n<p><strong>L\u00e4nk<\/strong>:\u00a0<a href=\"https:\/\/sven-ove.nu\/?p=8994\">Fnys \u00e5t folkf\u00f6raktet i st\u00e4llet<\/a><\/p>\n<p>Inl\u00e4gget \u00e4r n\u00e5gorlunda vettigt men definitionen av rasism ofullst\u00e4ndig. 2014 koncentrerade jag mig p\u00e5 den rasism som har med f\u00e4rg och form p\u00e5 folk att g\u00f6ra. Den biologiska rasismen.<\/p>\n<p><strong>Mer om kultur<br \/>\n<\/strong>Det finns en annan, en som dagens rasister oftare anv\u00e4nder, vare sig de vet eller ej. Den handlar mer om kultur \u00e4n om f\u00e4rg. S\u00e5 h\u00e4r skriver Diskrimineringsombudsmannen, DO, i sin <a href=\"http:\/\/www.do.se\/sv\/Fakta\/Ordlista\/\">ordlista<\/a>, om biologisk och kulturell rasism:<\/p>\n<p style=\"padding-left: 30px;\"><strong><em>Rasism<br \/>\n<\/em><\/strong><em>Ursprungligen ett ord som beskriver uppdelningen av m\u00e4nniskor i ett rassystem d\u00e4r vissa raser biologiskt \u00e4r underst\u00e4llda andra. Idag pratar man mer om kulturrasism \u2013 f\u00f6rest\u00e4llningen om att kulturer \u00e4r absoluta, of\u00f6r\u00e4nderliga och definierar individens egenskaper.<\/em><\/p>\n<p>Bra definition av kulturrasismen, tycker jag. En annan sak jag l\u00e4rt mig av att samtala kring de h\u00e4r fr\u00e5gorna \u00e4r att det inte finns n\u00e5gon omv\u00e4nd rasism.<\/p>\n<p>Nyfiket vandrar jag livsstigen fram. Varje dag snappar en n\u00e5\u2019t.<br \/>\n&#8211; L\u00e4\u00e4\u00e4\u00e4\u00e4\u00e4r mig mer, go\u2019v\u00e4nner.<\/p>\n<p style=\"padding-left: 30px;\"><em># Sverige r\u00e4knas som\u00a0Europas mest invandringspositiva land.<br \/>\n<\/em><em style=\"line-height: 1.6471;\"># Bara 1,7 procent av den inf\u00f6dda befolkningen tycker att vi inte ska ha n\u00e5gon invandring alls fr\u00e5n fattiga l\u00e4nder utanf\u00f6r Europa. <\/em><em style=\"line-height: 1.6471;\">I Portugal och Ungern \u00e4r den siffran \u00f6ver 30 procent och i Grekland och Cypern \u00f6ver 40 procent.<br \/>\n<\/em><em># <a href=\"http:\/\/www.migrationsinfo.se\/framlingsfientlighet\/framlingsfientlighet-i-sverige\/\" target=\"_blank\">Attityderna<\/a> till invandring \u00e4r mer negativa bland l\u00e5gutbildade, arbetsl\u00f6sa och \u00e4ldre \u00f6ver 65 \u00e5r.<\/em><\/p>\n<p><a href=\"https:\/\/sven-ove.nu\/wp-content\/uploads\/2014\/09\/Tjur.jpg\"><img loading=\"lazy\" decoding=\"async\" class=\" size-thumbnail wp-image-9532 alignright\" src=\"https:\/\/sven-ove.nu\/wp-content\/uploads\/2014\/09\/Tjur-150x150.jpg\" alt=\"Tjur\" width=\"150\" height=\"150\" \/><\/a>Bilden \u00e4r fr\u00e5n platsen d\u00e4r en del av den &#8221;svenskaste&#8221; poesi vi har skrevs. Skattl\u00f6sberg i Dalarna, fr\u00e5n b\u00f6rjan befolkad av svedjefinnar som kom\u00a0vandrande hit fr\u00e5n \u00f6st.<\/p>\n","protected":false},"excerpt":{"rendered":"<p>Jag l\u00e4r mig hela tiden. Nu kommer jag till n\u00e5got som jag har f\u00f6rst\u00e5tt ett tag, men aldrig riktigt f\u00f6rtydligat h\u00e4r. Definitionen handlar det om. I juni i fjol skrev jag detta, om klassf\u00f6rakt och rasism: L\u00e4nk:\u00a0Fnys \u00e5t folkf\u00f6raktet i st\u00e4llet Inl\u00e4gget \u00e4r n\u00e5gorlunda vettigt men definitionen av rasism ofullst\u00e4ndig. 2014 koncentrerade jag mig p\u00e5 &hellip; <a href=\"https:\/\/sven-ove.nu\/?p=11945\" class=\"more-link\">Forts\u00e4tt l\u00e4sa <span class=\"screen-reader-text\">L\u00e4\u00e4\u00e4\u00e4\u00e4r mig!<\/span><\/a><\/p>\n","protected":false},"author":1,"featured_media":0,"comment_status":"open","ping_status":"open","sticky":false,"template":"","format":"standard","meta":{"_crdt_document":"","_monsterinsights_skip_tracking":false,"_monsterinsights_sitenote_active":false,"_monsterinsights_sitenote_note":"","_monsterinsights_sitenote_category":0,"footnotes":""},"categories":[9],"tags":[17],"class_list":["post-11945","post","type-post","status-publish","format-standard","hentry","category-politik","tag-solidaritet"],"_links":{"self":[{"href":"https:\/\/sven-ove.nu\/index.php?rest_route=\/wp\/v2\/posts\/11945","targetHints":{"allow":["GET"]}}],"collection":[{"href":"https:\/\/sven-ove.nu\/index.php?rest_route=\/wp\/v2\/posts"}],"about":[{"href":"https:\/\/sven-ove.nu\/index.php?rest_route=\/wp\/v2\/types\/post"}],"author":[{"embeddable":true,"href":"https:\/\/sven-ove.nu\/index.php?rest_route=\/wp\/v2\/users\/1"}],"replies":[{"embeddable":true,"href":"https:\/\/sven-ove.nu\/index.php?rest_route=%2Fwp%2Fv2%2Fcomments&post=11945"}],"version-history":[{"count":9,"href":"https:\/\/sven-ove.nu\/index.php?rest_route=\/wp\/v2\/posts\/11945\/revisions"}],"predecessor-version":[{"id":11954,"href":"https:\/\/sven-ove.nu\/index.php?rest_route=\/wp\/v2\/posts\/11945\/revisions\/11954"}],"wp:attachment":[{"href":"https:\/\/sven-ove.nu\/index.php?rest_route=%2Fwp%2Fv2%2Fmedia&parent=11945"}],"wp:term":[{"taxonomy":"category","embeddable":true,"href":"https:\/\/sven-ove.nu\/index.php?rest_route=%2Fwp%2Fv2%2Fcategories&post=11945"},{"taxonomy":"post_tag","embeddable":true,"href":"https:\/\/sven-ove.nu\/index.php?rest_route=%2Fwp%2Fv2%2Ftags&post=11945"}],"curies":[{"name":"wp","href":"https:\/\/api.w.org\/{rel}","templated":true}]}}