{"id":1207,"date":"2012-02-07T17:41:12","date_gmt":"2012-02-07T16:41:12","guid":{"rendered":"http:\/\/sven-ove.nu\/?p=1207"},"modified":"2012-02-07T17:42:23","modified_gmt":"2012-02-07T16:42:23","slug":"jobba-hardare-sa-den-late","status":"publish","type":"post","link":"https:\/\/sven-ove.nu\/?p=1207","title":{"rendered":"Jobba h\u00e5rdare sa den late"},"content":{"rendered":"<p>Fredrik Reinfeldt tycker att vi ska jobba tills v\u00e5ra kroppar \u00e4r 75 \u00e5r gamla.\u00a0Jo tack. Varf\u00f6r inte 85?<\/p>\n<p>Nu \u00e4r det visserligen s\u00e5 att jag inte tror att ens moderaterna kommer att vilja ha honom kvar tills han fyller 75. Snart kommer det n\u00e5gon pigg f\u00f6rm\u00e5ga som vill att de ska satsa p\u00e5 De \u00c4nnu Nyare Moderaterna.<\/p>\n<p>D\u00e5 \u00e5ker han.<\/p>\n<p>Nu \u00e4r det dessutom s\u00e5 att jag mycket s\u00e4llan har sett n\u00e5gon platsannons om generaldirekt\u00f6r, utrikesminister eller ens statssekreterare s\u00f6kes, d\u00e4r fr\u00e4msta kravet \u00e4r att den s\u00f6kande ska vara i dryga 70-\u00e5rs\u00e5ldern.<\/p>\n<p>Jag har dessutom h\u00f6rt att det finns b\u00e5de en och annan undersk\u00f6terska i riket som sliter ut ryggen l\u00e5ngt innan hon \u00e4r 65, till och med. En och annan servitris som sliter ut kn\u00e4na l\u00e5ngt innan hon \u00e4r 65. En och annan tj\u00e4nsteman i offentlig f\u00f6rvaltning som inte orkar jobba 50-60-timmarsvecka alltf\u00f6r l\u00e4nge efter 64. Allt detta har jag h\u00f6rt.<\/p>\n<p>Framf\u00f6r allt t\u00e4nker jag p\u00e5 Tage Danielsson. Hur var det Tage skrev, n\u00e4r kapital\u00e4garsl\u00e4kten Wallenbergs \u00e4ldste fyllde 75?<\/p>\n<p><em>\u201dKapitalismens \u00f6verl\u00e4gsenhet som skapare av ett b\u00e4ttre m\u00e4nniskosl\u00e4kte <\/em><em>bevisas v\u00e4l b\u00e4st av den enkla sanningen att det finns f\u00e5 75-\u00e5riga <\/em><em>gruvarbetare som kan kl\u00e5 Marcus Wallenberg i tennis.\u201d<\/em><\/p>\n<p>Fundera p\u00e5 den du, Fredrik. Fundera p\u00e5 vad Tage menade.<br \/>\nDet kanske finns folk som sliter, d\u00e4r ute i verkligheten?<\/p>\n","protected":false},"excerpt":{"rendered":"<p>Fredrik Reinfeldt tycker att vi ska jobba tills v\u00e5ra kroppar \u00e4r 75 \u00e5r gamla.\u00a0Jo tack. Varf\u00f6r inte 85? Nu \u00e4r det visserligen s\u00e5 att jag inte tror att ens moderaterna kommer att vilja ha honom kvar tills han fyller 75. Snart kommer det n\u00e5gon pigg f\u00f6rm\u00e5ga som vill att de ska satsa p\u00e5 De \u00c4nnu &hellip; <a href=\"https:\/\/sven-ove.nu\/?p=1207\" class=\"more-link\">Forts\u00e4tt l\u00e4sa <span class=\"screen-reader-text\">Jobba h\u00e5rdare sa den late<\/span><\/a><\/p>\n","protected":false},"author":1,"featured_media":0,"comment_status":"open","ping_status":"open","sticky":false,"template":"","format":"standard","meta":{"_crdt_document":"","_monsterinsights_skip_tracking":false,"_monsterinsights_sitenote_active":false,"_monsterinsights_sitenote_note":"","_monsterinsights_sitenote_category":0,"footnotes":""},"categories":[9],"tags":[16],"class_list":["post-1207","post","type-post","status-publish","format-standard","hentry","category-politik","tag-dumheter"],"_links":{"self":[{"href":"https:\/\/sven-ove.nu\/index.php?rest_route=\/wp\/v2\/posts\/1207","targetHints":{"allow":["GET"]}}],"collection":[{"href":"https:\/\/sven-ove.nu\/index.php?rest_route=\/wp\/v2\/posts"}],"about":[{"href":"https:\/\/sven-ove.nu\/index.php?rest_route=\/wp\/v2\/types\/post"}],"author":[{"embeddable":true,"href":"https:\/\/sven-ove.nu\/index.php?rest_route=\/wp\/v2\/users\/1"}],"replies":[{"embeddable":true,"href":"https:\/\/sven-ove.nu\/index.php?rest_route=%2Fwp%2Fv2%2Fcomments&post=1207"}],"version-history":[{"count":3,"href":"https:\/\/sven-ove.nu\/index.php?rest_route=\/wp\/v2\/posts\/1207\/revisions"}],"predecessor-version":[{"id":1210,"href":"https:\/\/sven-ove.nu\/index.php?rest_route=\/wp\/v2\/posts\/1207\/revisions\/1210"}],"wp:attachment":[{"href":"https:\/\/sven-ove.nu\/index.php?rest_route=%2Fwp%2Fv2%2Fmedia&parent=1207"}],"wp:term":[{"taxonomy":"category","embeddable":true,"href":"https:\/\/sven-ove.nu\/index.php?rest_route=%2Fwp%2Fv2%2Fcategories&post=1207"},{"taxonomy":"post_tag","embeddable":true,"href":"https:\/\/sven-ove.nu\/index.php?rest_route=%2Fwp%2Fv2%2Ftags&post=1207"}],"curies":[{"name":"wp","href":"https:\/\/api.w.org\/{rel}","templated":true}]}}