{"id":12205,"date":"2015-06-21T03:00:19","date_gmt":"2015-06-21T02:00:19","guid":{"rendered":"http:\/\/sven-ove.nu\/?p=12205"},"modified":"2015-06-20T22:06:15","modified_gmt":"2015-06-20T21:06:15","slug":"livets-mening-finns-pa-storgatan-36-i-forshaga","status":"publish","type":"post","link":"https:\/\/sven-ove.nu\/?p=12205","title":{"rendered":"Livets mening finns p\u00e5 Storgatan 36 i Forshaga"},"content":{"rendered":"<p>Jag har jobbat som journalist i 30 \u00e5r, om du r\u00e4knar med kr\u00f6nikeskrivande i press, radio och tv. D\u00e4refter har jag wallraffat (tihi) inom ett stort svenskt f\u00f6retag i larmcentralsbranschen, ett stort statligt verk i r\u00e4ddningsbranschen och ett regionalt kommunalt f\u00f6retag i persontransportbranschen.<\/p>\n<p>Alla mina arbetsprestationer har skett utan sneglande p\u00e5 kommersiella lustar. Jag brukar inte ta mutor, inte l\u00e5ta mig luras av dubbla intressen, ja, du kan rent av s\u00e4ga att \u201d<a href=\"https:\/\/www.youtube.com\/watch?v=gQbGh1wxRFo\">Aldrig n\u00e5nsin din clown<\/a>\u201d i l\u00e5nga tider varit min signaturmelodi.<\/p>\n<p>\u00c4r jag tydlig nog? Den h\u00e4r karln kan inte k\u00f6pas. Min arbetskraft har jag s\u00e5lt till arbetsk\u00f6pare l\u00e4n och rike kring &#8211; men aldrig min sj\u00e4l.<\/p>\n<p>\u00d6verens?<\/p>\n<p>L\u00e5t mig vidare konstatera att jag forskat i en fr\u00e5ga i drygt 64 \u00e5r. Fr\u00e5gan om livets mening. Efter sju \u00e5r trodde jag den handlade om k\u00e4rlek och att g\u00f6ra r\u00e4tt f\u00f6r sig, efter fjorton om sex, efter 27 om barn, efter 55 om barnbarn. N\u00e5gonstans fr\u00e5n tolv \u00e5rs \u00e5lder och fram\u00e5t har jag dessutom trott att den handlar om att kunna skriva, r\u00f6ra p\u00e5 mig, f\u00f6lja naturens v\u00e4xlingar och f\u00f6r\u00e4ndra v\u00e4rlden.<\/p>\n<p>I dag vet jag att allt det \u00e4r livets mening f\u00f6r den h\u00e4r karln. Alltihop. Men p\u00e5 midsommarafton finns det en sak till som g\u00f6r det viktigt att leva. Forshagakonsums gravade sill med den patenterade s\u00e5sen.<\/p>\n<p>Den finns bara i Forshaga tror jag, eventuellt p\u00e5 Konsum i Kil ocks\u00e5, d\u00e4r \u00e4r mina k\u00e4llor aningen os\u00e4kra, men sillen\u00a0\u00e4r j\u00e4drar i min sj\u00e4l s\u00e5 god att jag blir arg bara jag t\u00e4nker p\u00e5 den. Varf\u00f6r \u00e4ter jag inte denna sill hela tiden? M\u00f6jligen med lite potatis till. Frukost, middag, kv\u00e4ll.<\/p>\n<p>K\u00f6pa mig g\u00e5r inte. Vad\u00e5, jag \u00e4ger ju <a href=\"https:\/\/www.coop.se\/Butiker-varor--erbjudanden\/Butiker-import\/Coop-Konsum\/Konsumhallen-Forshaga\/\">butiken<\/a> redan.<br \/>\nMen skulle jag ha varit till salu, hade det varit f\u00f6r den sillen.<\/p>\n<p>V\u00e4nliga h\u00e4lsningar,<\/p>\n<p><em><strong>Svensson<\/strong>, gravad sill-konsument<br \/>\n<\/em><em>Forshaga, midsommardagen 2015, m\u00e4tt och eftert\u00e4nksam i h\u00e4ngmattan<\/em><\/p>\n<p><em>https:\/\/sven-ove.nu<\/em><\/p>\n","protected":false},"excerpt":{"rendered":"<p>Jag har jobbat som journalist i 30 \u00e5r, om du r\u00e4knar med kr\u00f6nikeskrivande i press, radio och tv. D\u00e4refter har jag wallraffat (tihi) inom ett stort svenskt f\u00f6retag i larmcentralsbranschen, ett stort statligt verk i r\u00e4ddningsbranschen och ett regionalt kommunalt f\u00f6retag i persontransportbranschen. Alla mina arbetsprestationer har skett utan sneglande p\u00e5 kommersiella lustar. Jag brukar &hellip; <a href=\"https:\/\/sven-ove.nu\/?p=12205\" class=\"more-link\">Forts\u00e4tt l\u00e4sa <span class=\"screen-reader-text\">Livets mening finns p\u00e5 Storgatan 36 i Forshaga<\/span><\/a><\/p>\n","protected":false},"author":1,"featured_media":12209,"comment_status":"open","ping_status":"open","sticky":false,"template":"","format":"standard","meta":{"_crdt_document":"","_monsterinsights_skip_tracking":false,"_monsterinsights_sitenote_active":false,"_monsterinsights_sitenote_note":"","_monsterinsights_sitenote_category":0,"footnotes":""},"categories":[10,28,5,9,4],"tags":[3,8,24,18,20,17],"class_list":["post-12205","post","type-post","status-publish","format-standard","has-post-thumbnail","hentry","category-familjen","category-kreativt-folk","category-lopning","category-politik","category-skrivande","tag-arbete","tag-historia","tag-karlek","tag-lardomar","tag-rad","tag-solidaritet"],"_links":{"self":[{"href":"https:\/\/sven-ove.nu\/index.php?rest_route=\/wp\/v2\/posts\/12205","targetHints":{"allow":["GET"]}}],"collection":[{"href":"https:\/\/sven-ove.nu\/index.php?rest_route=\/wp\/v2\/posts"}],"about":[{"href":"https:\/\/sven-ove.nu\/index.php?rest_route=\/wp\/v2\/types\/post"}],"author":[{"embeddable":true,"href":"https:\/\/sven-ove.nu\/index.php?rest_route=\/wp\/v2\/users\/1"}],"replies":[{"embeddable":true,"href":"https:\/\/sven-ove.nu\/index.php?rest_route=%2Fwp%2Fv2%2Fcomments&post=12205"}],"version-history":[{"count":8,"href":"https:\/\/sven-ove.nu\/index.php?rest_route=\/wp\/v2\/posts\/12205\/revisions"}],"predecessor-version":[{"id":12214,"href":"https:\/\/sven-ove.nu\/index.php?rest_route=\/wp\/v2\/posts\/12205\/revisions\/12214"}],"wp:featuredmedia":[{"embeddable":true,"href":"https:\/\/sven-ove.nu\/index.php?rest_route=\/wp\/v2\/media\/12209"}],"wp:attachment":[{"href":"https:\/\/sven-ove.nu\/index.php?rest_route=%2Fwp%2Fv2%2Fmedia&parent=12205"}],"wp:term":[{"taxonomy":"category","embeddable":true,"href":"https:\/\/sven-ove.nu\/index.php?rest_route=%2Fwp%2Fv2%2Fcategories&post=12205"},{"taxonomy":"post_tag","embeddable":true,"href":"https:\/\/sven-ove.nu\/index.php?rest_route=%2Fwp%2Fv2%2Ftags&post=12205"}],"curies":[{"name":"wp","href":"https:\/\/api.w.org\/{rel}","templated":true}]}}