{"id":12216,"date":"2015-06-24T03:00:01","date_gmt":"2015-06-24T02:00:01","guid":{"rendered":"http:\/\/sven-ove.nu\/?p=12216"},"modified":"2015-06-22T20:52:59","modified_gmt":"2015-06-22T19:52:59","slug":"pa-vag-att-bli-mycket-allvarligt","status":"publish","type":"post","link":"https:\/\/sven-ove.nu\/?p=12216","title":{"rendered":"P\u00e5 v\u00e4g att bli mycket allvarligt"},"content":{"rendered":"<p><a href=\"https:\/\/sven-ove.nu\/wp-content\/uploads\/2013\/11\/Taggtr\u00e5d.jpg\"><img loading=\"lazy\" decoding=\"async\" class=\" size-large wp-image-7507 alignnone\" src=\"https:\/\/sven-ove.nu\/wp-content\/uploads\/2013\/11\/Taggtr\u00e5d-1024x613.jpg\" alt=\"Taggtr\u00e5d\" width=\"660\" height=\"395\" srcset=\"https:\/\/sven-ove.nu\/wp-content\/uploads\/2013\/11\/Taggtr\u00e5d-1024x613.jpg 1024w, https:\/\/sven-ove.nu\/wp-content\/uploads\/2013\/11\/Taggtr\u00e5d-300x179.jpg 300w\" sizes=\"auto, (max-width: 660px) 100vw, 660px\" \/><\/a><\/p>\n<p>L\u00e4get \u00e4r p\u00e5 v\u00e4g att bli mycket allvarligt, skriver en v\u00e4n. Ja, sannerligen.<\/p>\n<p>I Danmark f\u00e5r Danskt folkeparti n\u00e4stan 22 procent i valet och parti efter parti har gett upp inf\u00f6r invandrarfientligheten.<\/p>\n<p>I Sverige g\u00e5r Sverigedemokraterna fram\u00e5t och det som vi f\u00f6r 40 \u00e5r sedan trodde var ot\u00e4nkbart sprids helt \u00f6ppet i sociala medier och uppgivna sinnen: rasismen. \u00c4ven h\u00e4r i landet sneglar flera partier p\u00e5 den danska l\u00f6sningen, att ge upp, att l\u00e4gga sig n\u00e4ra de invandringsfientliga. H\u00e4r d\u00e4r folkpartiledaren Bengt Westerberg en g\u00e5ng <a href=\"https:\/\/www.youtube.com\/watch?v=aiytMaYFx-4\">v\u00e4grade sitta i tv-soffan<\/a> bredvid Ian &amp; Bert p\u00e5 valnatten.<\/p>\n<p>Ryggradsl\u00f6sa j\u00e4vlar skriver jag inte om folk, inte om partier som studerar danska skenl\u00f6sningar alltf\u00f6r noga heller. Det \u00e4r jag f\u00f6r v\u00e4luppfostrad f\u00f6r. Vad jag t\u00e4nker f\u00e5r du gissa sj\u00e4lv.<\/p>\n<p><strong>Driv p\u00e5 regeringen<br \/>\n<\/strong>M\u00e5nga upplever att de fr\u00e4mlingsfientliga har svar p\u00e5 tidens fr\u00e5gor, tycker min v\u00e4n, genom att de riktar ljuset mot de svagaste och en del makthavare.<\/p>\n<p style=\"padding-left: 30px;\"><em>\u201dKlassisk farlig h\u00f6gerpolitik. Hur m\u00f6ter vi dessa? Fackf\u00f6reningsr\u00f6relsen har ett stort ansvar. Centralt och ute p\u00e5 golvet. Nagla fast or\u00e4ttvisor, ge perspektiv, driva p\u00e5 regeringen och ta aktivt strid i viktiga fr\u00e5gor. Idag driver arbetare och tj\u00e4nstem\u00e4n mot den yttersta h\u00f6gern i brist p\u00e5 perspektiv fr\u00e5n de som vill kalla sig v\u00e4nster. Upp till kamp s\u00e4ger jag fr\u00e5n den svenska blomster\u00e4ngen i midsommartid och det \u00e4r mer \u00e4n en paroll.\u201d<\/em><\/p>\n<p>Det \u00e4r en gl\u00e4dje att ha kloka v\u00e4nner som Janne Hesselstedt. Det \u00e4r en sorg att han ska beh\u00f6va \u00e4gna sina sommartankar \u00e5t hur vi ska bli av med n\u00e5got s\u00e5 on\u00f6digt men farligt som rasism, fr\u00e4mlingsfientlighet och v\u00e4xande fascism.<\/p>\n<p><strong>Gyttjebad i mitts\u00f6rjan<br \/>\n<\/strong>Jag tror Janne har r\u00e4tt. Nu \u00e4r h\u00f6g tid att facket tar strid p\u00e5 allvar, b\u00e5de arbetarnas och tj\u00e4nstem\u00e4nnens organisationer. Strid f\u00f6r m\u00e4nniskors lika v\u00e4rde, strid f\u00f6r solidariteten. Samma krav m\u00e5ste st\u00e4llas p\u00e5 alla v\u00e5ra demokratiskt sinnade partier. Det \u00e4r dags att b\u00f6rja inse hur allvarligt l\u00e4get \u00e4r. Nu \u00e4r det v\u00e5r tur att ta \u00f6ver initiativet i folkupplysningen.<\/p>\n<p>L\u00f6sningen \u00e4r inte att varenda parti l\u00e4gger sig n\u00e4ra de andra som kladdiga gyttjebadare i en allm\u00e4n mitts\u00f6rja, l\u00f6sningen \u00e4r att vi f\u00e5r tydliga skiljelinjer i svensk politik igen. B\u00f6rja med det. Ni m\u00e5ste sluta vara levande opinionsinstitut och <a href=\"http:\/\/www.dagensarena.se\/opinion\/goran-farm-den-nordiska-modellen-vacklar\/\">bli partier igen<\/a>. G\u00e5 tillbaka till er sj\u00e4l, var och en. Det \u00e4r alltid b\u00e4st att ha sin egen och h\u00e5lla fast vid den. H\u00e4ng inte efter alla m\u00f6jliga opinioner ni tror att ni hittar, i m\u00f6rka skrymslen och vr\u00e5r, g\u00e5 tillbaka till er egen v\u00e4g och dra med er opinionen i st\u00e4llet. Lys \u00f6ver landet.<\/p>\n<p>Nu f\u00e5r ni sluta leka l\u00e5tsas-sverigedemokrater, n\u00e5gra av er.<br \/>\nL\u00e4get \u00e4r p\u00e5 v\u00e4g att bli mycket allvarligt.<\/p>\n<p><em># Jag f\u00f6rs\u00f6ker l\u00e5ta bli uttrycket \u201dVad var det vi sa?\u201d.<br \/>\n<\/em><em># Efter Fukushima var det frestande.<br \/>\n<\/em><em># Efter vad EU gjort f\u00f6r den svenska och europeiska medm\u00e4nskligheten \u00e4r jag starkt frestad igen. <\/em><\/p>\n","protected":false},"excerpt":{"rendered":"<p>L\u00e4get \u00e4r p\u00e5 v\u00e4g att bli mycket allvarligt, skriver en v\u00e4n. Ja, sannerligen. I Danmark f\u00e5r Danskt folkeparti n\u00e4stan 22 procent i valet och parti efter parti har gett upp inf\u00f6r invandrarfientligheten. I Sverige g\u00e5r Sverigedemokraterna fram\u00e5t och det som vi f\u00f6r 40 \u00e5r sedan trodde var ot\u00e4nkbart sprids helt \u00f6ppet i sociala medier och &hellip; <a href=\"https:\/\/sven-ove.nu\/?p=12216\" class=\"more-link\">Forts\u00e4tt l\u00e4sa <span class=\"screen-reader-text\">P\u00e5 v\u00e4g att bli mycket allvarligt<\/span><\/a><\/p>\n","protected":false},"author":1,"featured_media":0,"comment_status":"open","ping_status":"open","sticky":false,"template":"","format":"standard","meta":{"_crdt_document":"","_monsterinsights_skip_tracking":false,"_monsterinsights_sitenote_active":false,"_monsterinsights_sitenote_note":"","_monsterinsights_sitenote_category":0,"footnotes":""},"categories":[9],"tags":[3,20,17],"class_list":["post-12216","post","type-post","status-publish","format-standard","hentry","category-politik","tag-arbete","tag-rad","tag-solidaritet"],"_links":{"self":[{"href":"https:\/\/sven-ove.nu\/index.php?rest_route=\/wp\/v2\/posts\/12216","targetHints":{"allow":["GET"]}}],"collection":[{"href":"https:\/\/sven-ove.nu\/index.php?rest_route=\/wp\/v2\/posts"}],"about":[{"href":"https:\/\/sven-ove.nu\/index.php?rest_route=\/wp\/v2\/types\/post"}],"author":[{"embeddable":true,"href":"https:\/\/sven-ove.nu\/index.php?rest_route=\/wp\/v2\/users\/1"}],"replies":[{"embeddable":true,"href":"https:\/\/sven-ove.nu\/index.php?rest_route=%2Fwp%2Fv2%2Fcomments&post=12216"}],"version-history":[{"count":6,"href":"https:\/\/sven-ove.nu\/index.php?rest_route=\/wp\/v2\/posts\/12216\/revisions"}],"predecessor-version":[{"id":12223,"href":"https:\/\/sven-ove.nu\/index.php?rest_route=\/wp\/v2\/posts\/12216\/revisions\/12223"}],"wp:attachment":[{"href":"https:\/\/sven-ove.nu\/index.php?rest_route=%2Fwp%2Fv2%2Fmedia&parent=12216"}],"wp:term":[{"taxonomy":"category","embeddable":true,"href":"https:\/\/sven-ove.nu\/index.php?rest_route=%2Fwp%2Fv2%2Fcategories&post=12216"},{"taxonomy":"post_tag","embeddable":true,"href":"https:\/\/sven-ove.nu\/index.php?rest_route=%2Fwp%2Fv2%2Ftags&post=12216"}],"curies":[{"name":"wp","href":"https:\/\/api.w.org\/{rel}","templated":true}]}}