{"id":12224,"date":"2015-06-25T03:00:45","date_gmt":"2015-06-25T02:00:45","guid":{"rendered":"http:\/\/sven-ove.nu\/?p=12224"},"modified":"2015-06-23T09:37:02","modified_gmt":"2015-06-23T08:37:02","slug":"en-skargard-pa-land","status":"publish","type":"post","link":"https:\/\/sven-ove.nu\/?p=12224","title":{"rendered":"En sk\u00e4rg\u00e5rd p\u00e5 land"},"content":{"rendered":"<p><a href=\"https:\/\/sven-ove.nu\/wp-content\/uploads\/2015\/06\/Pr\u00e4stkrage\u00f6n.jpg\"><img loading=\"lazy\" decoding=\"async\" class=\" size-large wp-image-12226 alignnone\" src=\"https:\/\/sven-ove.nu\/wp-content\/uploads\/2015\/06\/Pr\u00e4stkrage\u00f6n-1024x768.jpg\" alt=\"Pr\u00e4stkrage\u00f6n\" width=\"660\" height=\"495\" srcset=\"https:\/\/sven-ove.nu\/wp-content\/uploads\/2015\/06\/Pr\u00e4stkrage\u00f6n-1024x768.jpg 1024w, https:\/\/sven-ove.nu\/wp-content\/uploads\/2015\/06\/Pr\u00e4stkrage\u00f6n-300x225.jpg 300w, https:\/\/sven-ove.nu\/wp-content\/uploads\/2015\/06\/Pr\u00e4stkrage\u00f6n.jpg 1632w\" sizes=\"auto, (max-width: 660px) 100vw, 660px\" \/><\/a><\/p>\n<p><em><strong>MENY:<\/strong>\u00a0<a href=\"https:\/\/sven-ove.nu\/?page_id=170\">Om mig<\/a>\u00a0<strong>|\u00a0<\/strong><a href=\"https:\/\/sven-ove.nu\/?page_id=1385\">Skriva och prata<\/a><strong>\u00a0|\u00a0<\/strong><a href=\"https:\/\/sven-ove.nu\/?page_id=100\">Politik<\/a><strong>\u00a0|\u00a0<\/strong><a href=\"https:\/\/sven-ove.nu\/?page_id=102\">L\u00f6pa<\/a><strong>\u00a0|\u00a0<\/strong><a href=\"https:\/\/sven-ove.nu\/?page_id=108\">Viktor Root<\/a><\/em><\/p>\n<p>Efter f\u00f6rrf\u00f6rra helgens utflykt till guckuskoparadiset <a href=\"http:\/\/www.bergslagen.se\/download\/18.250c99da1282414e21280001911\/1377689174280\/Faktablad_Bjorskogsnas.pdf\">Bj\u00f6rskogsn\u00e4s<\/a> norr om Loka borde jag vara halv\u00f6fr\u00e4lst. Det \u00e4r jag. Fast just nu intresserar mig \u00f6ar \u00e4nnu mer.<\/p>\n<p>Jag har b\u00f6rjat skapa blomster\u00f6ar i v\u00e5r gr\u00e4smatta. Det ligger ingen plan bakom, utformningen \u00e4r inte genomt\u00e4nkt, men likafullt v\u00e4xer det en humleblomster\u00f6, tv\u00e5 pr\u00e4stkrage\u00f6ar och en l\u00e5g sm\u00f6rblomme\u00f6 i v\u00e5r n\u00e4rhet.<\/p>\n<p>Nu har jag dessutom l\u00e4st p\u00e5 en aning. Den v\u00e4stra pr\u00e4stkrage\u00f6n ska bli st\u00f6rre, \u00e5tminstone tre meter i diameter n\u00e4sta g\u00e5ng jag g\u00e5r f\u00f6rbi med skjuvgr\u00e4sklipparen.<\/p>\n<p>D\u00e5 trivs fj\u00e4rilarna b\u00e4ttre.<br \/>\nD\u00e5 g\u00f6r vi det med.<\/p>\n<p>Trivs.<\/p>\n<p><em># I kv\u00e4ll b\u00f6rjar Ernsts <a href=\"http:\/\/www.tv.nu\/p\/15062520002100tv4?popup=true\" target=\"_blank\">sommarserie<\/a> fr\u00e5n Bj\u00f6rskogsn\u00e4s p\u00e5 TV4.<\/em><br \/>\n<em> # Vi r\u00e5kade hamna p\u00e5 n\u00e4set\u00a0n\u00e4stan samtidigt fast det inte var planerat.<\/em><br \/>\n<em> # H\u00e4r \u00e4r en klok person\u00a0som tycker som jag om Ernst K. L\u00e4s i <a href=\"http:\/\/www.kalitzkimedia.se\/lungsot-ernst-en-resa-vasterut\/\" target=\"_blank\">J\u00f6rgen Kalitzkis blogg<\/a> om saken.<\/em><\/p>\n","protected":false},"excerpt":{"rendered":"<p>MENY:\u00a0Om mig\u00a0|\u00a0Skriva och prata\u00a0|\u00a0Politik\u00a0|\u00a0L\u00f6pa\u00a0|\u00a0Viktor Root Efter f\u00f6rrf\u00f6rra helgens utflykt till guckuskoparadiset Bj\u00f6rskogsn\u00e4s norr om Loka borde jag vara halv\u00f6fr\u00e4lst. Det \u00e4r jag. Fast just nu intresserar mig \u00f6ar \u00e4nnu mer. Jag har b\u00f6rjat skapa blomster\u00f6ar i v\u00e5r gr\u00e4smatta. Det ligger ingen plan bakom, utformningen \u00e4r inte genomt\u00e4nkt, men likafullt v\u00e4xer det en humleblomster\u00f6, tv\u00e5 pr\u00e4stkrage\u00f6ar &hellip; <a href=\"https:\/\/sven-ove.nu\/?p=12224\" class=\"more-link\">Forts\u00e4tt l\u00e4sa <span class=\"screen-reader-text\">En sk\u00e4rg\u00e5rd p\u00e5 land<\/span><\/a><\/p>\n","protected":false},"author":1,"featured_media":0,"comment_status":"open","ping_status":"open","sticky":false,"template":"","format":"standard","meta":{"_crdt_document":"","_monsterinsights_skip_tracking":false,"_monsterinsights_sitenote_active":false,"_monsterinsights_sitenote_note":"","_monsterinsights_sitenote_category":0,"footnotes":""},"categories":[10,6],"tags":[24],"class_list":["post-12224","post","type-post","status-publish","format-standard","hentry","category-familjen","category-natur","tag-karlek"],"_links":{"self":[{"href":"https:\/\/sven-ove.nu\/index.php?rest_route=\/wp\/v2\/posts\/12224","targetHints":{"allow":["GET"]}}],"collection":[{"href":"https:\/\/sven-ove.nu\/index.php?rest_route=\/wp\/v2\/posts"}],"about":[{"href":"https:\/\/sven-ove.nu\/index.php?rest_route=\/wp\/v2\/types\/post"}],"author":[{"embeddable":true,"href":"https:\/\/sven-ove.nu\/index.php?rest_route=\/wp\/v2\/users\/1"}],"replies":[{"embeddable":true,"href":"https:\/\/sven-ove.nu\/index.php?rest_route=%2Fwp%2Fv2%2Fcomments&post=12224"}],"version-history":[{"count":12,"href":"https:\/\/sven-ove.nu\/index.php?rest_route=\/wp\/v2\/posts\/12224\/revisions"}],"predecessor-version":[{"id":12237,"href":"https:\/\/sven-ove.nu\/index.php?rest_route=\/wp\/v2\/posts\/12224\/revisions\/12237"}],"wp:attachment":[{"href":"https:\/\/sven-ove.nu\/index.php?rest_route=%2Fwp%2Fv2%2Fmedia&parent=12224"}],"wp:term":[{"taxonomy":"category","embeddable":true,"href":"https:\/\/sven-ove.nu\/index.php?rest_route=%2Fwp%2Fv2%2Fcategories&post=12224"},{"taxonomy":"post_tag","embeddable":true,"href":"https:\/\/sven-ove.nu\/index.php?rest_route=%2Fwp%2Fv2%2Ftags&post=12224"}],"curies":[{"name":"wp","href":"https:\/\/api.w.org\/{rel}","templated":true}]}}