{"id":12238,"date":"2015-06-26T03:00:06","date_gmt":"2015-06-26T02:00:06","guid":{"rendered":"http:\/\/sven-ove.nu\/?p=12238"},"modified":"2015-06-25T19:01:07","modified_gmt":"2015-06-25T18:01:07","slug":"sanningen-om-dumheten","status":"publish","type":"post","link":"https:\/\/sven-ove.nu\/?p=12238","title":{"rendered":"Sanningen om jobbena"},"content":{"rendered":"<p><strong>&#8211; en dikt<\/strong><\/p>\n<p>&nbsp;<\/p>\n<p>\u201dDi kommer hit \u00e5 tar jobbena<br \/>\nf\u00f6r oss\u201d.<br \/>\n\u201d\u00c5 inte jobber di,<br \/>\nbare lever p\u00e5 bidrag\u201d.<\/p>\n<p>\u201dHa ja h\u00f6rt\u201d.<\/p>\n<p><strong>Viktor Root<\/strong><em>\u00a0<\/em><\/p>\n<p>&nbsp;<\/p>\n<p style=\"padding-left: 30px;\"><em><strong>#<\/strong> Skriven n\u00e4r Viktor lyssnat p\u00e5 dumheter fr\u00e5n en som levt i trygghet hela sitt liv. <strong>#<\/strong><\/em><em style=\"line-height: 1.6471;\"><strong>#<\/strong> Inspirerad av en kr\u00f6nika av Sven L-O Johansson.\u00a0<\/em><em><strong>###<\/strong> H\u00e4r \u00e4r en annan favorit. <a href=\"http:\/\/www.op.se\/kultur\/po-tidholm-det-ar-inte-invandringens-fel\" target=\"_blank\">Klicka och l\u00e4s<\/a> &#8211; och kom inte och s\u00e4g att det \u00e4r invandrarnas fel om servicen blivit s\u00e4mre.\u00a0<\/em><\/p>\n<p>Viktor Root har tre\u00a0egna\u00a0sidor h\u00e4r p\u00e5 webbplatsen. Vete fangen hur det gick till. Den med dieten \u00e4r b\u00e4st.<br \/>\n<strong>L\u00e4nk<\/strong>: <a href=\"https:\/\/sven-ove.nu\/?page_id=108\">Viktor Root<\/a> <strong>L\u00e4nk<\/strong>: <a href=\"https:\/\/sven-ove.nu\/?page_id=115\">Sanningen<\/a> <strong>L\u00e4nk<\/strong>: <a href=\"https:\/\/sven-ove.nu\/?page_id=7047\">24:7-dieten<\/a><\/p>\n","protected":false},"excerpt":{"rendered":"<p>&#8211; en dikt &nbsp; \u201dDi kommer hit \u00e5 tar jobbena f\u00f6r oss\u201d. \u201d\u00c5 inte jobber di, bare lever p\u00e5 bidrag\u201d. \u201dHa ja h\u00f6rt\u201d. Viktor Root\u00a0 &nbsp; # Skriven n\u00e4r Viktor lyssnat p\u00e5 dumheter fr\u00e5n en som levt i trygghet hela sitt liv. ## Inspirerad av en kr\u00f6nika av Sven L-O Johansson.\u00a0### H\u00e4r \u00e4r en annan &hellip; <a href=\"https:\/\/sven-ove.nu\/?p=12238\" class=\"more-link\">Forts\u00e4tt l\u00e4sa <span class=\"screen-reader-text\">Sanningen om jobbena<\/span><\/a><\/p>\n","protected":false},"author":1,"featured_media":0,"comment_status":"open","ping_status":"open","sticky":false,"template":"","format":"standard","meta":{"_crdt_document":"","_monsterinsights_skip_tracking":false,"_monsterinsights_sitenote_active":false,"_monsterinsights_sitenote_note":"","_monsterinsights_sitenote_category":0,"footnotes":""},"categories":[9,11],"tags":[3,16,14,17],"class_list":["post-12238","post","type-post","status-publish","format-standard","hentry","category-politik","category-viktor-root","tag-arbete","tag-dumheter","tag-lasning","tag-solidaritet"],"_links":{"self":[{"href":"https:\/\/sven-ove.nu\/index.php?rest_route=\/wp\/v2\/posts\/12238","targetHints":{"allow":["GET"]}}],"collection":[{"href":"https:\/\/sven-ove.nu\/index.php?rest_route=\/wp\/v2\/posts"}],"about":[{"href":"https:\/\/sven-ove.nu\/index.php?rest_route=\/wp\/v2\/types\/post"}],"author":[{"embeddable":true,"href":"https:\/\/sven-ove.nu\/index.php?rest_route=\/wp\/v2\/users\/1"}],"replies":[{"embeddable":true,"href":"https:\/\/sven-ove.nu\/index.php?rest_route=%2Fwp%2Fv2%2Fcomments&post=12238"}],"version-history":[{"count":20,"href":"https:\/\/sven-ove.nu\/index.php?rest_route=\/wp\/v2\/posts\/12238\/revisions"}],"predecessor-version":[{"id":12258,"href":"https:\/\/sven-ove.nu\/index.php?rest_route=\/wp\/v2\/posts\/12238\/revisions\/12258"}],"wp:attachment":[{"href":"https:\/\/sven-ove.nu\/index.php?rest_route=%2Fwp%2Fv2%2Fmedia&parent=12238"}],"wp:term":[{"taxonomy":"category","embeddable":true,"href":"https:\/\/sven-ove.nu\/index.php?rest_route=%2Fwp%2Fv2%2Fcategories&post=12238"},{"taxonomy":"post_tag","embeddable":true,"href":"https:\/\/sven-ove.nu\/index.php?rest_route=%2Fwp%2Fv2%2Ftags&post=12238"}],"curies":[{"name":"wp","href":"https:\/\/api.w.org\/{rel}","templated":true}]}}