{"id":12288,"date":"2015-06-30T03:00:59","date_gmt":"2015-06-30T02:00:59","guid":{"rendered":"http:\/\/sven-ove.nu\/?p=12288"},"modified":"2015-06-28T14:18:12","modified_gmt":"2015-06-28T13:18:12","slug":"prov","status":"publish","type":"post","link":"https:\/\/sven-ove.nu\/?p=12288","title":{"rendered":"Jag vann"},"content":{"rendered":"<p><a href=\"https:\/\/sven-ove.nu\/wp-content\/uploads\/2015\/06\/Selfie-i-brunt-skogsmaskindike.jpg\"><img loading=\"lazy\" decoding=\"async\" class=\" size-large wp-image-12290 alignnone\" src=\"https:\/\/sven-ove.nu\/wp-content\/uploads\/2015\/06\/Selfie-i-brunt-skogsmaskindike-1024x768.jpg\" alt=\"Selfie i brunt skogsmaskindike\" width=\"660\" height=\"495\" srcset=\"https:\/\/sven-ove.nu\/wp-content\/uploads\/2015\/06\/Selfie-i-brunt-skogsmaskindike-1024x768.jpg 1024w, https:\/\/sven-ove.nu\/wp-content\/uploads\/2015\/06\/Selfie-i-brunt-skogsmaskindike-300x225.jpg 300w\" sizes=\"auto, (max-width: 660px) 100vw, 660px\" \/><\/a><\/p>\n<p style=\"text-align: right;\"><em>L\u00f6parselfie i brunt skogsmaskindike.<\/em><\/p>\n<p>L\u00e5t oss g\u00f6ra det enkelt. Jag vann.<\/p>\n<p>I tre somriga dagar har jag h\u00e5llit p\u00e5 och jagat, inte \u00e4ra och evig ber\u00f6mmelse, inte rikedom &#8211; men en dr\u00f6mrunda. Alla mina l\u00f6prundor har blivit f\u00f6r bekanta, nu vill jag ha\u00a0tuggmotst\u00e5nd. Det ska vara skog, det ska vara kuperat, det ska vara tuff terr\u00e4ngl\u00f6pning ibland och det ska vara smalt, kurvigt och farligt.<\/p>\n<p>Jag ska kunna springa fel\u00a0om jag inte sk\u00e4rper mig. Jag ska inte veta allting.<\/p>\n<p><strong>Tredje varma f\u00f6rs\u00f6ket<\/strong><br \/>\nP\u00e5 kartan har jag redan hittat rundan. Tv\u00e5 g\u00e5nger har jag f\u00f6rs\u00f6kt, b\u00e5da g\u00e5ngerna har hon g\u00e4ckat mig. Jag \u00e4lskar&#8217;t! Nu \u00e4r det l\u00f6rdag i sydv\u00e4stra Svealand, sommarmoln, 23 grader varmt och Kr\u00e4vande Backen och Bl\u00e5nande Utsikten \u00e4r\u00a0sig lika fr\u00e5n tisdagen och fredagen. Den ene brant, den andra bl\u00e5. B\u00e5da g\u00f6r sig b\u00e4ttre i verkligheten \u00e4n p\u00e5 bild.<\/p>\n<p>Jag brukar inte stanna och fotografera n\u00e4r jag springer. K\u00e4ra n\u00e5n det \u00e4r ju f\u00f6rsta sommaren jag har mobil med. Ber\u00e4ttar jag varf\u00f6r, s\u00e5 tycker du jag \u00e4r en mes. Det har med vildgrisar att g\u00f6ra, mer s\u00e4ger jag inte. Vildgrisar och eventuell tr\u00e4dkl\u00e4ttring. Musiken st\u00e5r tr\u00e4dpipl\u00e4rkan f\u00f6r.<\/p>\n<p>23 grader varmt, benen tr\u00f6tta sedan i g\u00e5r, uppf\u00f6rsbacken gick fort att f\u00f6rst\u00e5. S\u00e5 jag stannar och stretchar i dag igen och tar en bild p\u00e5 de bl\u00e5 granskogarna\u00a0i \u00f6ster.<\/p>\n<p><strong>Kritiskt parti i r\u00f6tt<\/strong><br \/>\nKarta brukar jag inte heller b\u00e4ra med mig, men i dag ska hon kn\u00e4ckas, rundan. Det finns ett kritiskt parti. Jag har ringat in det lurigaste\u00a0avsnittet med r\u00f6tt p\u00e5 utskriften.<\/p>\n<p>Skogsbilv\u00e4g, barrstig, gr\u00e4sv\u00e4g, forts\u00e4tter f\u00f6rbi luriga stigen \u00e5t v\u00e4nster, springer rakt bland kvistar och ris, det \u00e4r faktiskt en gammal k\u00f6rv\u00e4g i botten och d\u00e4r \u00e4r stenen, bra. Pl\u00f6tsligt f\u00e5r jag se \u00e4nnu ett tecken p\u00e5 m\u00e4nskligt liv. En orange skylt precis p\u00e5 andra sidan ett dike som en skogsmaskin pl\u00f6jt. Nu \u00e4r jag n\u00e4ra l\u00f6sningen.<\/p>\n<p>Bilden \u00f6verst p\u00e5 sidan \u00e4r fr\u00e5n det diket. Selfie i brunt skogsmaskindike. Jag springer till v\u00e4nster om diket, tar sedan f\u00f6r l\u00e5ngt \u00e5t h\u00f6ger men hittar s\u00e5 sm\u00e5ningom stigen mot nordv\u00e4st. Kritiska partiet avklarat, tjoho!<\/p>\n<p><strong>En l\u00f6pare hade v\u00e4nt<\/strong><br \/>\nResten \u00e4r en promenad i parken. &#8221;Hade d\u00e4 vart en bonne hadde han st\u00f6pe&#8221; brukade en bekant s\u00e4ga n\u00e4r han snubblade till. Hade det varit en l\u00f6pare hade han v\u00e4nt, t\u00e4nker jag, men detta \u00e4r en orienterare. Vad \u00e4r lite kvistar och ris, en och annat tr\u00e4dstam och en hel del traktorsp\u00e5r i 900 meter f\u00f6r en van terr\u00e4ngl\u00f6pare?<\/p>\n<p>Inga problem \u00e4r vad det \u00e4r. Under och ibland bredvid traktorsp\u00e5ren finns hela tiden stigen p\u00e5 kartan och titta, d\u00e4r \u00e4r v\u00e4ndplanen redan. V\u00e4rml\u00e4ndsk vardagsnatur, \u00e4n sen d\u00e5? Skogar ska brukas och nu \u00e4r det inte sv\u00e5rt att f\u00f6lja Sisuledens orange skyltning bort till backen i milbanan.<\/p>\n<p>H\u00e4r har jag min nya runda, tajmad och klar. Hela v\u00e4gen hittad, jag vann! En tuff, kr\u00e4vande, tidvis bl\u00f6t och &#8230; alldeles underbar dr\u00f6mrunda.<\/p>\n<p>N\u00e4mnde jag Jungfru Marie nycklar, wunderbaum-granen, trollsl\u00e4ndorna, de tv\u00e5 mystiska m\u00e4nnen med tre motorhuvar \u00f6ppna, den kvargl\u00f6mda skogsarbetarbaracken p\u00e5 hjul eller min oerh\u00f6rda tr\u00f6tthet efter\u00e5t och l\u00f6plust under tiden?<\/p>\n<p>Bra.<br \/>\nTrivs.<\/p>\n<p><a href=\"https:\/\/sven-ove.nu\/wp-content\/uploads\/2015\/06\/Bl\u00e5nande-utsikten.jpg\"><img loading=\"lazy\" decoding=\"async\" class=\" size-large wp-image-12292 alignnone\" src=\"https:\/\/sven-ove.nu\/wp-content\/uploads\/2015\/06\/Bl\u00e5nande-utsikten-1024x408.jpg\" alt=\"Bl\u00e5nande utsikten\" width=\"660\" height=\"263\" srcset=\"https:\/\/sven-ove.nu\/wp-content\/uploads\/2015\/06\/Bl\u00e5nande-utsikten-1024x408.jpg 1024w, https:\/\/sven-ove.nu\/wp-content\/uploads\/2015\/06\/Bl\u00e5nande-utsikten-300x119.jpg 300w, https:\/\/sven-ove.nu\/wp-content\/uploads\/2015\/06\/Bl\u00e5nande-utsikten.jpg 1623w\" sizes=\"auto, (max-width: 660px) 100vw, 660px\" \/><\/a><\/p>\n<p style=\"padding-left: 30px;\"><em>Bl\u00e5nande Utsikten.<\/em><\/p>\n<p><img loading=\"lazy\" decoding=\"async\" class=\" size-large wp-image-12297 alignnone\" src=\"https:\/\/sven-ove.nu\/wp-content\/uploads\/2015\/06\/Karta-nya-rundan-577x1024.jpg\" alt=\"Karta nya rundan\" width=\"577\" height=\"1024\" srcset=\"https:\/\/sven-ove.nu\/wp-content\/uploads\/2015\/06\/Karta-nya-rundan-577x1024.jpg 577w, https:\/\/sven-ove.nu\/wp-content\/uploads\/2015\/06\/Karta-nya-rundan-169x300.jpg 169w, https:\/\/sven-ove.nu\/wp-content\/uploads\/2015\/06\/Karta-nya-rundan.jpg 640w\" sizes=\"auto, (max-width: 577px) 100vw, 577px\" \/><\/p>\n<p style=\"padding-left: 30px;\"><em>Del av Friska Forshaga-kartan med Kritiska Partiet inringat.<\/em><\/p>\n<p><a href=\"https:\/\/sven-ove.nu\/wp-content\/uploads\/2015\/06\/V\u00e4rml\u00e4ndsk-vardagsnatur.jpg\"><img loading=\"lazy\" decoding=\"async\" class=\" size-large wp-image-12294 alignnone\" src=\"https:\/\/sven-ove.nu\/wp-content\/uploads\/2015\/06\/V\u00e4rml\u00e4ndsk-vardagsnatur-1024x768.jpg\" alt=\"V\u00e4rml\u00e4ndsk vardagsnatur\" width=\"660\" height=\"495\" srcset=\"https:\/\/sven-ove.nu\/wp-content\/uploads\/2015\/06\/V\u00e4rml\u00e4ndsk-vardagsnatur-1024x768.jpg 1024w, https:\/\/sven-ove.nu\/wp-content\/uploads\/2015\/06\/V\u00e4rml\u00e4ndsk-vardagsnatur-300x225.jpg 300w, https:\/\/sven-ove.nu\/wp-content\/uploads\/2015\/06\/V\u00e4rml\u00e4ndsk-vardagsnatur.jpg 1632w\" sizes=\"auto, (max-width: 660px) 100vw, 660px\" \/><\/a><\/p>\n<p style=\"padding-left: 30px;\"><em>V\u00e4rml\u00e4ndsk vardagsnatur i r\u00f6da ringen.<\/em><\/p>\n<p><a href=\"https:\/\/sven-ove.nu\/wp-content\/uploads\/2015\/06\/Jungfru-Marie-nycklar.jpg\"><img loading=\"lazy\" decoding=\"async\" class=\" size-large wp-image-12296 alignnone\" src=\"https:\/\/sven-ove.nu\/wp-content\/uploads\/2015\/06\/Jungfru-Marie-nycklar-1024x1024.jpg\" alt=\"Jungfru Marie nycklar\" width=\"660\" height=\"660\" srcset=\"https:\/\/sven-ove.nu\/wp-content\/uploads\/2015\/06\/Jungfru-Marie-nycklar-1024x1024.jpg 1024w, https:\/\/sven-ove.nu\/wp-content\/uploads\/2015\/06\/Jungfru-Marie-nycklar-150x150.jpg 150w, https:\/\/sven-ove.nu\/wp-content\/uploads\/2015\/06\/Jungfru-Marie-nycklar-300x300.jpg 300w\" sizes=\"auto, (max-width: 660px) 100vw, 660px\" \/><\/a><\/p>\n<p style=\"padding-left: 30px;\"><em>Jungfru Marie nycklar i utf\u00f6rsl\u00f6pan innan v\u00e4ndplanen.\u00a0<\/em><\/p>\n<p><em># Alla m\u00e4nniskor har dr\u00f6mmar, men en del g\u00f6mmer dem\u00a0djupare.<br \/>\n# Sj\u00e4lv dr\u00f6mmer jag om mottot f\u00f6r bloggen. Alltihop. Om skrivande, springande, levande och v\u00e4rldsf\u00f6rb\u00e4ttrande.<br \/>\n# N\u00e4sta g\u00e5ng ska jag springa rakt\u00a0p\u00e5 stigen bortom\u00a0skogsmaskindiket. Inte irra \u00e5t h\u00f6ger. Irra aldrig \u00e5t h\u00f6ger, d\u00e4r finns\u00a0ett tr\u00e4sk.<\/em><\/p>\n","protected":false},"excerpt":{"rendered":"<p>L\u00f6parselfie i brunt skogsmaskindike. L\u00e5t oss g\u00f6ra det enkelt. Jag vann. I tre somriga dagar har jag h\u00e5llit p\u00e5 och jagat, inte \u00e4ra och evig ber\u00f6mmelse, inte rikedom &#8211; men en dr\u00f6mrunda. Alla mina l\u00f6prundor har blivit f\u00f6r bekanta, nu vill jag ha\u00a0tuggmotst\u00e5nd. Det ska vara skog, det ska vara kuperat, det ska vara tuff &hellip; <a href=\"https:\/\/sven-ove.nu\/?p=12288\" class=\"more-link\">Forts\u00e4tt l\u00e4sa <span class=\"screen-reader-text\">Jag vann<\/span><\/a><\/p>\n","protected":false},"author":1,"featured_media":0,"comment_status":"open","ping_status":"open","sticky":false,"template":"","format":"standard","meta":{"_crdt_document":"","_monsterinsights_skip_tracking":false,"_monsterinsights_sitenote_active":false,"_monsterinsights_sitenote_note":"","_monsterinsights_sitenote_category":0,"footnotes":""},"categories":[5],"tags":[24,25,18],"class_list":["post-12288","post","type-post","status-publish","format-standard","hentry","category-lopning","tag-karlek","tag-kartan","tag-lardomar"],"_links":{"self":[{"href":"https:\/\/sven-ove.nu\/index.php?rest_route=\/wp\/v2\/posts\/12288","targetHints":{"allow":["GET"]}}],"collection":[{"href":"https:\/\/sven-ove.nu\/index.php?rest_route=\/wp\/v2\/posts"}],"about":[{"href":"https:\/\/sven-ove.nu\/index.php?rest_route=\/wp\/v2\/types\/post"}],"author":[{"embeddable":true,"href":"https:\/\/sven-ove.nu\/index.php?rest_route=\/wp\/v2\/users\/1"}],"replies":[{"embeddable":true,"href":"https:\/\/sven-ove.nu\/index.php?rest_route=%2Fwp%2Fv2%2Fcomments&post=12288"}],"version-history":[{"count":38,"href":"https:\/\/sven-ove.nu\/index.php?rest_route=\/wp\/v2\/posts\/12288\/revisions"}],"predecessor-version":[{"id":12334,"href":"https:\/\/sven-ove.nu\/index.php?rest_route=\/wp\/v2\/posts\/12288\/revisions\/12334"}],"wp:attachment":[{"href":"https:\/\/sven-ove.nu\/index.php?rest_route=%2Fwp%2Fv2%2Fmedia&parent=12288"}],"wp:term":[{"taxonomy":"category","embeddable":true,"href":"https:\/\/sven-ove.nu\/index.php?rest_route=%2Fwp%2Fv2%2Fcategories&post=12288"},{"taxonomy":"post_tag","embeddable":true,"href":"https:\/\/sven-ove.nu\/index.php?rest_route=%2Fwp%2Fv2%2Ftags&post=12288"}],"curies":[{"name":"wp","href":"https:\/\/api.w.org\/{rel}","templated":true}]}}