{"id":12335,"date":"2015-07-03T03:00:03","date_gmt":"2015-07-03T02:00:03","guid":{"rendered":"http:\/\/sven-ove.nu\/?p=12335"},"modified":"2015-06-29T07:53:14","modified_gmt":"2015-06-29T06:53:14","slug":"sillimester","status":"publish","type":"post","link":"https:\/\/sven-ove.nu\/?p=12335","title":{"rendered":"Sillimester!"},"content":{"rendered":"<p><a href=\"https:\/\/sven-ove.nu\/wp-content\/uploads\/2015\/07\/Sillimester.jpg\"><img loading=\"lazy\" decoding=\"async\" class=\" size-large wp-image-12337 alignnone\" src=\"https:\/\/sven-ove.nu\/wp-content\/uploads\/2015\/07\/Sillimester-1024x768.jpg\" alt=\"Sillimester\" width=\"660\" height=\"495\" srcset=\"https:\/\/sven-ove.nu\/wp-content\/uploads\/2015\/07\/Sillimester-1024x768.jpg 1024w, https:\/\/sven-ove.nu\/wp-content\/uploads\/2015\/07\/Sillimester-300x225.jpg 300w\" sizes=\"auto, (max-width: 660px) 100vw, 660px\" \/><\/a><\/p>\n<p>Uttrycket \u00e4r inte mitt, jag har f\u00e5tt l\u00e5na det, men det s\u00e4ger precis vad jag t\u00e4nker p\u00e5 i dag. Sillimester! N\u00e4r detta publiceras \u00e4r det tolv timmar kvar. Elva, tio, nio\u2026<\/p>\n<p>I \u00e5r ska jag springa mer \u00e4n n\u00e5gonsin, l\u00e4sa mer \u00e4n n\u00e5gonsin, t\u00e4nka mer \u00e4n n\u00e5gonsin, resa mer \u00e4n n\u00e5gonsin, kramas mer \u00e4n n\u00e5gonsin, busa med sm\u00e5 v\u00e4rldsmedborgare mer \u00e4n n\u00e5gonsin, plocka mer hallon \u00e4n n\u00e5gonsin och vara mer ledig \u00e4n n\u00e5gonsin.<\/p>\n<p>Eller hur.<\/p>\n<p><em># 1938 fick alla anst\u00e4llda i Sverige r\u00e4tt till tv\u00e5 veckors betald semester. Bra, Gustav M\u00f6ller.<br \/>\n<\/em><em># Min f\u00f6rsta semester fick jag 1973. For till Svarta havet.<br \/>\n<\/em><em># Min sista b\u00f6rjar i kv\u00e4ll. Var \u00e4r cykelt\u00e4ltet? Kan vi inte t\u00e4lta i tr\u00e4dg\u00e5rden \u00e5tminstone och s\u00e5 \u00e4ter vi mjukt tunnbr\u00f6d med r\u00e4kost p\u00e5, ur tub. I t\u00e4lt\u00f6ppningen.<\/em><\/p>\n","protected":false},"excerpt":{"rendered":"<p>Uttrycket \u00e4r inte mitt, jag har f\u00e5tt l\u00e5na det, men det s\u00e4ger precis vad jag t\u00e4nker p\u00e5 i dag. Sillimester! N\u00e4r detta publiceras \u00e4r det tolv timmar kvar. Elva, tio, nio\u2026 I \u00e5r ska jag springa mer \u00e4n n\u00e5gonsin, l\u00e4sa mer \u00e4n n\u00e5gonsin, t\u00e4nka mer \u00e4n n\u00e5gonsin, resa mer \u00e4n n\u00e5gonsin, kramas mer \u00e4n n\u00e5gonsin, &hellip; <a href=\"https:\/\/sven-ove.nu\/?p=12335\" class=\"more-link\">Forts\u00e4tt l\u00e4sa <span class=\"screen-reader-text\">Sillimester!<\/span><\/a><\/p>\n","protected":false},"author":1,"featured_media":0,"comment_status":"open","ping_status":"open","sticky":false,"template":"","format":"standard","meta":{"_crdt_document":"","_monsterinsights_skip_tracking":false,"_monsterinsights_sitenote_active":false,"_monsterinsights_sitenote_note":"","_monsterinsights_sitenote_category":0,"footnotes":""},"categories":[10,9],"tags":[8,24,21,13],"class_list":["post-12335","post","type-post","status-publish","format-standard","hentry","category-familjen","category-politik","tag-historia","tag-karlek","tag-ord","tag-utrustning"],"_links":{"self":[{"href":"https:\/\/sven-ove.nu\/index.php?rest_route=\/wp\/v2\/posts\/12335","targetHints":{"allow":["GET"]}}],"collection":[{"href":"https:\/\/sven-ove.nu\/index.php?rest_route=\/wp\/v2\/posts"}],"about":[{"href":"https:\/\/sven-ove.nu\/index.php?rest_route=\/wp\/v2\/types\/post"}],"author":[{"embeddable":true,"href":"https:\/\/sven-ove.nu\/index.php?rest_route=\/wp\/v2\/users\/1"}],"replies":[{"embeddable":true,"href":"https:\/\/sven-ove.nu\/index.php?rest_route=%2Fwp%2Fv2%2Fcomments&post=12335"}],"version-history":[{"count":5,"href":"https:\/\/sven-ove.nu\/index.php?rest_route=\/wp\/v2\/posts\/12335\/revisions"}],"predecessor-version":[{"id":12349,"href":"https:\/\/sven-ove.nu\/index.php?rest_route=\/wp\/v2\/posts\/12335\/revisions\/12349"}],"wp:attachment":[{"href":"https:\/\/sven-ove.nu\/index.php?rest_route=%2Fwp%2Fv2%2Fmedia&parent=12335"}],"wp:term":[{"taxonomy":"category","embeddable":true,"href":"https:\/\/sven-ove.nu\/index.php?rest_route=%2Fwp%2Fv2%2Fcategories&post=12335"},{"taxonomy":"post_tag","embeddable":true,"href":"https:\/\/sven-ove.nu\/index.php?rest_route=%2Fwp%2Fv2%2Ftags&post=12335"}],"curies":[{"name":"wp","href":"https:\/\/api.w.org\/{rel}","templated":true}]}}