{"id":12341,"date":"2015-07-02T03:00:14","date_gmt":"2015-07-02T02:00:14","guid":{"rendered":"http:\/\/sven-ove.nu\/?p=12341"},"modified":"2015-06-28T17:34:32","modified_gmt":"2015-06-28T16:34:32","slug":"en-otidsenlig-manniska","status":"publish","type":"post","link":"https:\/\/sven-ove.nu\/?p=12341","title":{"rendered":"En otidsenlig m\u00e4nniska?"},"content":{"rendered":"<p><a href=\"https:\/\/sven-ove.nu\/wp-content\/uploads\/2015\/07\/Kl\u00e4dd.jpg\"><img loading=\"lazy\" decoding=\"async\" class=\" size-full wp-image-12343 alignnone\" src=\"https:\/\/sven-ove.nu\/wp-content\/uploads\/2015\/07\/Kl\u00e4dd.jpg\" alt=\"Kl\u00e4dd\" width=\"640\" height=\"480\" srcset=\"https:\/\/sven-ove.nu\/wp-content\/uploads\/2015\/07\/Kl\u00e4dd.jpg 640w, https:\/\/sven-ove.nu\/wp-content\/uploads\/2015\/07\/Kl\u00e4dd-300x225.jpg 300w\" sizes=\"auto, (max-width: 640px) 100vw, 640px\" \/><\/a><\/p>\n<p><strong><em>Skriv\u00f6vning: <\/em><\/strong>\u00c5ret \u00e4r, ja vilket d\u00e5? Vilket decennium talar vi om? Vad ser du? Ser du en man eller en kvinna? Hur \u00e4r hon eller han kl\u00e4dd? Varf\u00f6r?<\/p>\n<p>Vad s\u00e4ger skorna och kl\u00e4derna oss om mannen eller kvinnan? Vad tycker den m\u00e4nniskan om? M\u00e4rker du n\u00e5gon gl\u00e4dje, n\u00e5gra bekymmer?<\/p>\n<p>T\u00e4nk ut en text. Fundera \u00f6ver vad som ligger bakom de olika detaljerna, se vilka betydelser de b\u00e4r. Skriv ner texten.<\/p>\n<p><em># Det tar tre generationer att skapa en gentleman och trehundra \u00e5r att skapa en gr\u00e4smatta, s\u00e4ger engelsm\u00e4nnen.<br \/>\n<\/em><em># Struntprat, svarar jag.<br \/>\n<\/em><em># V\u00e4lj den mossiga typen, d\u00e5 g\u00e5r det fortare i b\u00e5da fallen.<\/em><\/p>\n","protected":false},"excerpt":{"rendered":"<p>Skriv\u00f6vning: \u00c5ret \u00e4r, ja vilket d\u00e5? Vilket decennium talar vi om? Vad ser du? Ser du en man eller en kvinna? Hur \u00e4r hon eller han kl\u00e4dd? Varf\u00f6r? Vad s\u00e4ger skorna och kl\u00e4derna oss om mannen eller kvinnan? Vad tycker den m\u00e4nniskan om? M\u00e4rker du n\u00e5gon gl\u00e4dje, n\u00e5gra bekymmer? T\u00e4nk ut en text. Fundera \u00f6ver &hellip; <a href=\"https:\/\/sven-ove.nu\/?p=12341\" class=\"more-link\">Forts\u00e4tt l\u00e4sa <span class=\"screen-reader-text\">En otidsenlig m\u00e4nniska?<\/span><\/a><\/p>\n","protected":false},"author":1,"featured_media":0,"comment_status":"open","ping_status":"open","sticky":false,"template":"","format":"standard","meta":{"_crdt_document":"","_monsterinsights_skip_tracking":false,"_monsterinsights_sitenote_active":false,"_monsterinsights_sitenote_note":"","_monsterinsights_sitenote_category":0,"footnotes":""},"categories":[4],"tags":[3,20,13],"class_list":["post-12341","post","type-post","status-publish","format-standard","hentry","category-skrivande","tag-arbete","tag-rad","tag-utrustning"],"_links":{"self":[{"href":"https:\/\/sven-ove.nu\/index.php?rest_route=\/wp\/v2\/posts\/12341","targetHints":{"allow":["GET"]}}],"collection":[{"href":"https:\/\/sven-ove.nu\/index.php?rest_route=\/wp\/v2\/posts"}],"about":[{"href":"https:\/\/sven-ove.nu\/index.php?rest_route=\/wp\/v2\/types\/post"}],"author":[{"embeddable":true,"href":"https:\/\/sven-ove.nu\/index.php?rest_route=\/wp\/v2\/users\/1"}],"replies":[{"embeddable":true,"href":"https:\/\/sven-ove.nu\/index.php?rest_route=%2Fwp%2Fv2%2Fcomments&post=12341"}],"version-history":[{"count":2,"href":"https:\/\/sven-ove.nu\/index.php?rest_route=\/wp\/v2\/posts\/12341\/revisions"}],"predecessor-version":[{"id":12344,"href":"https:\/\/sven-ove.nu\/index.php?rest_route=\/wp\/v2\/posts\/12341\/revisions\/12344"}],"wp:attachment":[{"href":"https:\/\/sven-ove.nu\/index.php?rest_route=%2Fwp%2Fv2%2Fmedia&parent=12341"}],"wp:term":[{"taxonomy":"category","embeddable":true,"href":"https:\/\/sven-ove.nu\/index.php?rest_route=%2Fwp%2Fv2%2Fcategories&post=12341"},{"taxonomy":"post_tag","embeddable":true,"href":"https:\/\/sven-ove.nu\/index.php?rest_route=%2Fwp%2Fv2%2Ftags&post=12341"}],"curies":[{"name":"wp","href":"https:\/\/api.w.org\/{rel}","templated":true}]}}