{"id":12350,"date":"2015-07-01T03:00:40","date_gmt":"2015-07-01T02:00:40","guid":{"rendered":"http:\/\/sven-ove.nu\/?p=12350"},"modified":"2015-06-30T19:08:17","modified_gmt":"2015-06-30T18:08:17","slug":"12350","status":"publish","type":"post","link":"https:\/\/sven-ove.nu\/?p=12350","title":{"rendered":"Ett dagsverke"},"content":{"rendered":"<p><a href=\"https:\/\/sven-ove.nu\/wp-content\/uploads\/2015\/07\/V\u00e4gkant.jpg\"><img loading=\"lazy\" decoding=\"async\" class=\" size-full wp-image-12353 alignnone\" src=\"https:\/\/sven-ove.nu\/wp-content\/uploads\/2015\/07\/V\u00e4gkant.jpg\" alt=\"V\u00e4gkant\" width=\"1017\" height=\"296\" srcset=\"https:\/\/sven-ove.nu\/wp-content\/uploads\/2015\/07\/V\u00e4gkant.jpg 1017w, https:\/\/sven-ove.nu\/wp-content\/uploads\/2015\/07\/V\u00e4gkant-300x87.jpg 300w\" sizes=\"auto, (max-width: 1017px) 100vw, 1017px\" \/><\/a><\/p>\n<p>L\u00e4ser i spalten att han g\u00e5r i pension, han som fick jobbet jag s\u00f6kte. D\u00e5, f\u00f6r m\u00e5nga \u00e5r sedan, n\u00e4r livet sedan v\u00e4nde och valde \u00e4nnu en intressant v\u00e4g. Dagen jag ins\u00e5g att jag aldrig skulle komma att n\u00e5 m\u00e5let, att bli facklig reporter p\u00e5 folkbladet i sta\u2019n.<\/p>\n<p>Jag b\u00f6rjade skriva fackliga l\u00e4rob\u00f6cker och h\u00e5lla skrivarkurser f\u00f6r kommunalare i st\u00e4llet, d\u00e4r gjorde jag f\u00f6rmodligen mer nytta.<\/p>\n<p>Tack f\u00f6r det du gjort. Du var definitivt en b\u00e4ttre nyhetsreporter \u00e4n vad jag skulle ha blivit &#8211; och en personligare kr\u00f6nik\u00f6r.<\/p>\n<p>Tack, <span style=\"color: #ff0000;\"><strong><a style=\"color: #ff0000;\" href=\"http:\/\/www.vf.se\/kronikor\/ps\/hej-och-ha-det-bra-alla-lasare\">Sven<\/a><\/strong><\/span>. Snyggt dagsverke.<br \/>\nGiller\u2019t.<\/p>\n","protected":false},"excerpt":{"rendered":"<p>L\u00e4ser i spalten att han g\u00e5r i pension, han som fick jobbet jag s\u00f6kte. D\u00e5, f\u00f6r m\u00e5nga \u00e5r sedan, n\u00e4r livet sedan v\u00e4nde och valde \u00e4nnu en intressant v\u00e4g. Dagen jag ins\u00e5g att jag aldrig skulle komma att n\u00e5 m\u00e5let, att bli facklig reporter p\u00e5 folkbladet i sta\u2019n. Jag b\u00f6rjade skriva fackliga l\u00e4rob\u00f6cker och h\u00e5lla &hellip; <a href=\"https:\/\/sven-ove.nu\/?p=12350\" class=\"more-link\">Forts\u00e4tt l\u00e4sa <span class=\"screen-reader-text\">Ett dagsverke<\/span><\/a><\/p>\n","protected":false},"author":1,"featured_media":0,"comment_status":"open","ping_status":"open","sticky":false,"template":"","format":"standard","meta":{"_crdt_document":"","_monsterinsights_skip_tracking":false,"_monsterinsights_sitenote_active":false,"_monsterinsights_sitenote_note":"","_monsterinsights_sitenote_category":0,"footnotes":""},"categories":[28,4],"tags":[3,8,15],"class_list":["post-12350","post","type-post","status-publish","format-standard","hentry","category-kreativt-folk","category-skrivande","tag-arbete","tag-historia","tag-mediedjungeln"],"_links":{"self":[{"href":"https:\/\/sven-ove.nu\/index.php?rest_route=\/wp\/v2\/posts\/12350","targetHints":{"allow":["GET"]}}],"collection":[{"href":"https:\/\/sven-ove.nu\/index.php?rest_route=\/wp\/v2\/posts"}],"about":[{"href":"https:\/\/sven-ove.nu\/index.php?rest_route=\/wp\/v2\/types\/post"}],"author":[{"embeddable":true,"href":"https:\/\/sven-ove.nu\/index.php?rest_route=\/wp\/v2\/users\/1"}],"replies":[{"embeddable":true,"href":"https:\/\/sven-ove.nu\/index.php?rest_route=%2Fwp%2Fv2%2Fcomments&post=12350"}],"version-history":[{"count":7,"href":"https:\/\/sven-ove.nu\/index.php?rest_route=\/wp\/v2\/posts\/12350\/revisions"}],"predecessor-version":[{"id":12358,"href":"https:\/\/sven-ove.nu\/index.php?rest_route=\/wp\/v2\/posts\/12350\/revisions\/12358"}],"wp:attachment":[{"href":"https:\/\/sven-ove.nu\/index.php?rest_route=%2Fwp%2Fv2%2Fmedia&parent=12350"}],"wp:term":[{"taxonomy":"category","embeddable":true,"href":"https:\/\/sven-ove.nu\/index.php?rest_route=%2Fwp%2Fv2%2Fcategories&post=12350"},{"taxonomy":"post_tag","embeddable":true,"href":"https:\/\/sven-ove.nu\/index.php?rest_route=%2Fwp%2Fv2%2Ftags&post=12350"}],"curies":[{"name":"wp","href":"https:\/\/api.w.org\/{rel}","templated":true}]}}