{"id":12360,"date":"2015-07-14T03:00:45","date_gmt":"2015-07-14T02:00:45","guid":{"rendered":"http:\/\/sven-ove.nu\/?p=12360"},"modified":"2015-07-07T13:32:36","modified_gmt":"2015-07-07T12:32:36","slug":"spaden-jorden-och-maten","status":"publish","type":"post","link":"https:\/\/sven-ove.nu\/?p=12360","title":{"rendered":"Spaden, jorden och maten"},"content":{"rendered":"<p><a href=\"https:\/\/sven-ove.nu\/wp-content\/uploads\/2015\/07\/spaden.jpg\"><img loading=\"lazy\" decoding=\"async\" class=\" size-large wp-image-12364 alignnone\" src=\"https:\/\/sven-ove.nu\/wp-content\/uploads\/2015\/07\/spaden-1024x768.jpg\" alt=\"spaden\" width=\"660\" height=\"495\" srcset=\"https:\/\/sven-ove.nu\/wp-content\/uploads\/2015\/07\/spaden-1024x768.jpg 1024w, https:\/\/sven-ove.nu\/wp-content\/uploads\/2015\/07\/spaden-300x225.jpg 300w, https:\/\/sven-ove.nu\/wp-content\/uploads\/2015\/07\/spaden.jpg 1632w\" sizes=\"auto, (max-width: 660px) 100vw, 660px\" \/><\/a><\/p>\n<p>Det \u00e4r n\u00e5got visst f\u00f6r sonen till en bortrationaliserad sm\u00e5bonde att f\u00e5 s\u00e4tta spaden i jorden.<\/p>\n<p>Nej, jag har inte f\u00f6rl\u00e5tit marknadskrafterna. Eftersom livet har galghumor hamnade vi i en l\u00e4genhet p\u00e5 just Marknadsgatan, f\u00f6rst. Efter sekler av jordbruksarbete.<\/p>\n<p>Nej, jag har inte f\u00f6rl\u00e5tit 60-talets jordbrukspolitiker.<\/p>\n<p>Nej, jag har inte f\u00f6rl\u00e5tit LRF heller, som inte protesterade mer. D\u00e5, n\u00e4r 25 sm\u00e5bruk om dagen lades ner i landet. Storbondeklubb? S\u00e5 kan det g\u00e5.<\/p>\n<p>I dag n\u00e4r jag far l\u00e4ngs barndomens grusv\u00e4gar \u00e4r jag glad om de bortrationaliserade slipper se hur det gick. Vuxen granskog d\u00e4r jorden kunde f\u00f6da ett folk. Svensk glesbygd v\u00e4xer igen, svenska hus ensligt bel\u00e4gna h\u00e5ller p\u00e5 att rasa samman.<\/p>\n<p>Kvar finns alltid en. Produktiv men glesbodd. Vi visste inte d\u00e5 att 1960-talet var tiden f\u00f6r den v\u00e4rsta av storskiftesreformer i riket.<\/p>\n<p><span style=\"color: #000000;\"><strong>En bonde i varje svensk<\/strong><\/span><br \/>\nOch dock:<br \/>\nDet bor en bonde i varje svensk. Med mjuka kontorsh\u00e4nder fattar jag den \u00e4rvda spaden och gr\u00e4ver f\u00f6rsiktigt en rabatt intill den villa utvecklingen sl\u00e4ngde ut p\u00e5 ett annat stycke \u00e5ker som jordbrukspolitiken och marknadskrafterna inte ville ha.<\/p>\n<p>H\u00e4r bor vi t\u00e4tt.<\/p>\n<p>N\u00e5gonting vackert f\u00e5r det bli.<br \/>\nN\u00e5gonting vackert \u00e5tminstone.<\/p>\n<p style=\"padding-left: 30px;\"><em><span style=\"color: #339966;\"><strong>#<\/strong> <\/span>Mat kommer inte fr\u00e5n Konsum.<br \/>\n<span style=\"color: #339966;\"><strong>#<\/strong><\/span><\/em><em><span style=\"color: #339966;\"><strong>#<\/strong> <\/span>Mat kommer ur handen p\u00e5 en bonde.<br \/>\n<span style=\"color: #339966;\"><strong>##<\/strong><\/span><\/em><em><span style=\"color: #339966;\"><strong>#<\/strong> <\/span>Allt b\u00f6rjar alltid med st\u00e5l i jord.<\/em><\/p>\n","protected":false},"excerpt":{"rendered":"<p>Det \u00e4r n\u00e5got visst f\u00f6r sonen till en bortrationaliserad sm\u00e5bonde att f\u00e5 s\u00e4tta spaden i jorden. Nej, jag har inte f\u00f6rl\u00e5tit marknadskrafterna. Eftersom livet har galghumor hamnade vi i en l\u00e4genhet p\u00e5 just Marknadsgatan, f\u00f6rst. Efter sekler av jordbruksarbete. Nej, jag har inte f\u00f6rl\u00e5tit 60-talets jordbrukspolitiker. Nej, jag har inte f\u00f6rl\u00e5tit LRF heller, som inte &hellip; <a href=\"https:\/\/sven-ove.nu\/?p=12360\" class=\"more-link\">Forts\u00e4tt l\u00e4sa <span class=\"screen-reader-text\">Spaden, jorden och maten<\/span><\/a><\/p>\n","protected":false},"author":1,"featured_media":0,"comment_status":"open","ping_status":"open","sticky":false,"template":"","format":"standard","meta":{"_crdt_document":"","_monsterinsights_skip_tracking":false,"_monsterinsights_sitenote_active":false,"_monsterinsights_sitenote_note":"","_monsterinsights_sitenote_category":0,"footnotes":""},"categories":[10,6,9],"tags":[3,16,8,24,18,17,13],"class_list":["post-12360","post","type-post","status-publish","format-standard","hentry","category-familjen","category-natur","category-politik","tag-arbete","tag-dumheter","tag-historia","tag-karlek","tag-lardomar","tag-solidaritet","tag-utrustning"],"_links":{"self":[{"href":"https:\/\/sven-ove.nu\/index.php?rest_route=\/wp\/v2\/posts\/12360","targetHints":{"allow":["GET"]}}],"collection":[{"href":"https:\/\/sven-ove.nu\/index.php?rest_route=\/wp\/v2\/posts"}],"about":[{"href":"https:\/\/sven-ove.nu\/index.php?rest_route=\/wp\/v2\/types\/post"}],"author":[{"embeddable":true,"href":"https:\/\/sven-ove.nu\/index.php?rest_route=\/wp\/v2\/users\/1"}],"replies":[{"embeddable":true,"href":"https:\/\/sven-ove.nu\/index.php?rest_route=%2Fwp%2Fv2%2Fcomments&post=12360"}],"version-history":[{"count":10,"href":"https:\/\/sven-ove.nu\/index.php?rest_route=\/wp\/v2\/posts\/12360\/revisions"}],"predecessor-version":[{"id":12371,"href":"https:\/\/sven-ove.nu\/index.php?rest_route=\/wp\/v2\/posts\/12360\/revisions\/12371"}],"wp:attachment":[{"href":"https:\/\/sven-ove.nu\/index.php?rest_route=%2Fwp%2Fv2%2Fmedia&parent=12360"}],"wp:term":[{"taxonomy":"category","embeddable":true,"href":"https:\/\/sven-ove.nu\/index.php?rest_route=%2Fwp%2Fv2%2Fcategories&post=12360"},{"taxonomy":"post_tag","embeddable":true,"href":"https:\/\/sven-ove.nu\/index.php?rest_route=%2Fwp%2Fv2%2Ftags&post=12360"}],"curies":[{"name":"wp","href":"https:\/\/api.w.org\/{rel}","templated":true}]}}