{"id":12372,"date":"2015-07-20T03:00:22","date_gmt":"2015-07-20T02:00:22","guid":{"rendered":"http:\/\/sven-ove.nu\/?p=12372"},"modified":"2015-07-17T21:58:05","modified_gmt":"2015-07-17T20:58:05","slug":"12372","status":"publish","type":"post","link":"https:\/\/sven-ove.nu\/?p=12372","title":{"rendered":"V\u00e4lkommen, fj\u00e4ddrlar!"},"content":{"rendered":"<p><a href=\"https:\/\/sven-ove.nu\/wp-content\/uploads\/2015\/07\/Kompost.jpg\"><img loading=\"lazy\" decoding=\"async\" class=\" size-large wp-image-12375 alignnone\" src=\"https:\/\/sven-ove.nu\/wp-content\/uploads\/2015\/07\/Kompost-1024x768.jpg\" alt=\"Kompost\" width=\"660\" height=\"495\" srcset=\"https:\/\/sven-ove.nu\/wp-content\/uploads\/2015\/07\/Kompost-1024x768.jpg 1024w, https:\/\/sven-ove.nu\/wp-content\/uploads\/2015\/07\/Kompost-300x225.jpg 300w, https:\/\/sven-ove.nu\/wp-content\/uploads\/2015\/07\/Kompost.jpg 1632w\" sizes=\"auto, (max-width: 660px) 100vw, 660px\" \/><\/a><\/p>\n<p>Komposth\u00f6gen, kompostr\u00f6ret och jag har tagit ett enh\u00e4lligt beslut. Det har v\u00e4xt fram, men i \u00e5r \u00e4r det definitivt. Vi ska ha en prunkande kulle.<\/p>\n<p>Kullen \u00e4r f\u00f6r fj\u00e4rilar och andra som beh\u00f6ver h\u00f6gv\u00e4xta br\u00e4nn\u00e4sslor, hundkex, hallonbuskar, vall\u00f6rt, v\u00e4nderot, pr\u00e4stkragar och bl\u00e5klint. Samt hon den lila, vars namn jag inte vet. S\u00e5 nu har komposten f\u00e5tt v\u00e4xa igen, n\u00e4stan helt igenv\u00e4xt \u00e4r den. Fina vita, bl\u00e5 och lila blommor vajar, sj\u00e4lv \u00e4r jag stolt som en \u2026tr\u00e4dg\u00e5rdsm\u00e4stare.<\/p>\n<p>V\u00e4lkomna att flytta in, k\u00e4ra fj\u00e4ddrlar!<\/p>\n<p style=\"padding-left: 30px;\"><em><span style=\"color: #339966;\"><strong>#<\/strong> <\/span>Hon heter f\u00f6rresten praktbetonika och kommer fr\u00e5n Kaukasus, h\u00f6r jag vid frukostbordet. Kan v\u00e4xa i full sol och djup skugga, dessutom t\u00e5l hon lite torka.<br \/>\n<\/em><em><span style=\"color: #339966;\"><strong>#<\/strong> <\/span>Ordet fj\u00e4ddrlar \u00e4r l\u00e5nat av en som blev Skansenchef.<br \/>\n<\/em><em><span style=\"color: #339966;\"><strong>#<\/strong> <\/span>Budleja? Fj\u00e4rilsbusken? Den satte vi i en rabatt.<\/em><\/p>\n","protected":false},"excerpt":{"rendered":"<p>Komposth\u00f6gen, kompostr\u00f6ret och jag har tagit ett enh\u00e4lligt beslut. Det har v\u00e4xt fram, men i \u00e5r \u00e4r det definitivt. Vi ska ha en prunkande kulle. Kullen \u00e4r f\u00f6r fj\u00e4rilar och andra som beh\u00f6ver h\u00f6gv\u00e4xta br\u00e4nn\u00e4sslor, hundkex, hallonbuskar, vall\u00f6rt, v\u00e4nderot, pr\u00e4stkragar och bl\u00e5klint. Samt hon den lila, vars namn jag inte vet. S\u00e5 nu har komposten &hellip; <a href=\"https:\/\/sven-ove.nu\/?p=12372\" class=\"more-link\">Forts\u00e4tt l\u00e4sa <span class=\"screen-reader-text\">V\u00e4lkommen, fj\u00e4ddrlar!<\/span><\/a><\/p>\n","protected":false},"author":1,"featured_media":0,"comment_status":"open","ping_status":"open","sticky":false,"template":"","format":"standard","meta":{"_crdt_document":"","_monsterinsights_skip_tracking":false,"_monsterinsights_sitenote_active":false,"_monsterinsights_sitenote_note":"","_monsterinsights_sitenote_category":0,"footnotes":""},"categories":[6],"tags":[8,24],"class_list":["post-12372","post","type-post","status-publish","format-standard","hentry","category-natur","tag-historia","tag-karlek"],"_links":{"self":[{"href":"https:\/\/sven-ove.nu\/index.php?rest_route=\/wp\/v2\/posts\/12372","targetHints":{"allow":["GET"]}}],"collection":[{"href":"https:\/\/sven-ove.nu\/index.php?rest_route=\/wp\/v2\/posts"}],"about":[{"href":"https:\/\/sven-ove.nu\/index.php?rest_route=\/wp\/v2\/types\/post"}],"author":[{"embeddable":true,"href":"https:\/\/sven-ove.nu\/index.php?rest_route=\/wp\/v2\/users\/1"}],"replies":[{"embeddable":true,"href":"https:\/\/sven-ove.nu\/index.php?rest_route=%2Fwp%2Fv2%2Fcomments&post=12372"}],"version-history":[{"count":5,"href":"https:\/\/sven-ove.nu\/index.php?rest_route=\/wp\/v2\/posts\/12372\/revisions"}],"predecessor-version":[{"id":12463,"href":"https:\/\/sven-ove.nu\/index.php?rest_route=\/wp\/v2\/posts\/12372\/revisions\/12463"}],"wp:attachment":[{"href":"https:\/\/sven-ove.nu\/index.php?rest_route=%2Fwp%2Fv2%2Fmedia&parent=12372"}],"wp:term":[{"taxonomy":"category","embeddable":true,"href":"https:\/\/sven-ove.nu\/index.php?rest_route=%2Fwp%2Fv2%2Fcategories&post=12372"},{"taxonomy":"post_tag","embeddable":true,"href":"https:\/\/sven-ove.nu\/index.php?rest_route=%2Fwp%2Fv2%2Ftags&post=12372"}],"curies":[{"name":"wp","href":"https:\/\/api.w.org\/{rel}","templated":true}]}}