{"id":12414,"date":"2015-07-16T03:00:05","date_gmt":"2015-07-16T02:00:05","guid":{"rendered":"http:\/\/sven-ove.nu\/?p=12414"},"modified":"2015-07-14T10:46:21","modified_gmt":"2015-07-14T09:46:21","slug":"12414","status":"publish","type":"post","link":"https:\/\/sven-ove.nu\/?p=12414","title":{"rendered":"Rymmer fr\u00e5n semestern"},"content":{"rendered":"<h3><a href=\"https:\/\/sven-ove.nu\/wp-content\/uploads\/2015\/07\/Rymmer-fr\u00e5n-semestern.jpg\"><img loading=\"lazy\" decoding=\"async\" class=\" size-large wp-image-12416 alignnone\" src=\"https:\/\/sven-ove.nu\/wp-content\/uploads\/2015\/07\/Rymmer-fr\u00e5n-semestern-1024x768.jpg\" alt=\"Rymmer fr\u00e5n semestern\" width=\"660\" height=\"495\" srcset=\"https:\/\/sven-ove.nu\/wp-content\/uploads\/2015\/07\/Rymmer-fr\u00e5n-semestern-1024x768.jpg 1024w, https:\/\/sven-ove.nu\/wp-content\/uploads\/2015\/07\/Rymmer-fr\u00e5n-semestern-300x225.jpg 300w\" sizes=\"auto, (max-width: 660px) 100vw, 660px\" \/><\/a><\/h3>\n<h3><strong>Semester, dag 4, f\u00f6rra veckan:<\/strong><\/h3>\n<p>Torsdag kv\u00e4ll, rymmer fr\u00e5n semestern och ligger p\u00e5 s\u00e4ngen i rum 211 p\u00e5 Eksj\u00f6 stadshotell och ser p\u00e5 tv. Under dagen har vi k\u00f6rt genom djupa skogar d\u00e4r sj\u00f6ar glittrar och h\u00f6jder str\u00e4cker sig f\u00f6r att se. Vi har vandrat i tr\u00e4stadens vackerhet och h\u00f6rt innerg\u00e5rdarnas liggtimmer tala sm\u00e5l\u00e4ndska fr\u00e5n 1600-talet.<\/p>\n<p>I ett av tr\u00e4husen k\u00f6pte vi ett friskt gr\u00f6nt br\u00f6dfat, sytt av rullade mattrasor i spiral. Jag blev k\u00e4r i det fatet.<\/p>\n<p>Nu rymmer vi fr\u00e5n alla semesterm\u00e5sten, sl\u00f6ar p\u00e5 rummet och ser Ernst steka kyckling i ugn. Sj\u00e4lva \u00e4ter vi insmugglat mjukt tunnbr\u00f6d med r\u00e4kost och orkar inte resa oss och g\u00e5 ner till \u00e0 la carten. Fast vi har 30 kronors rabatt.<\/p>\n<p>Trivs.<br \/>\nT\u00e4nk, detta \u00e4r bara dag fyra.<\/p>\n<p>Nu hittar Ernst en gren.<\/p>\n","protected":false},"excerpt":{"rendered":"<p>Semester, dag 4, f\u00f6rra veckan: Torsdag kv\u00e4ll, rymmer fr\u00e5n semestern och ligger p\u00e5 s\u00e4ngen i rum 211 p\u00e5 Eksj\u00f6 stadshotell och ser p\u00e5 tv. Under dagen har vi k\u00f6rt genom djupa skogar d\u00e4r sj\u00f6ar glittrar och h\u00f6jder str\u00e4cker sig f\u00f6r att se. Vi har vandrat i tr\u00e4stadens vackerhet och h\u00f6rt innerg\u00e5rdarnas liggtimmer tala sm\u00e5l\u00e4ndska fr\u00e5n &hellip; <a href=\"https:\/\/sven-ove.nu\/?p=12414\" class=\"more-link\">Forts\u00e4tt l\u00e4sa <span class=\"screen-reader-text\">Rymmer fr\u00e5n semestern<\/span><\/a><\/p>\n","protected":false},"author":1,"featured_media":0,"comment_status":"open","ping_status":"open","sticky":false,"template":"","format":"standard","meta":{"_crdt_document":"","_monsterinsights_skip_tracking":false,"_monsterinsights_sitenote_active":false,"_monsterinsights_sitenote_note":"","_monsterinsights_sitenote_category":0,"footnotes":""},"categories":[10],"tags":[8,15,26],"class_list":["post-12414","post","type-post","status-publish","format-standard","hentry","category-familjen","tag-historia","tag-mediedjungeln","tag-natur-2"],"_links":{"self":[{"href":"https:\/\/sven-ove.nu\/index.php?rest_route=\/wp\/v2\/posts\/12414","targetHints":{"allow":["GET"]}}],"collection":[{"href":"https:\/\/sven-ove.nu\/index.php?rest_route=\/wp\/v2\/posts"}],"about":[{"href":"https:\/\/sven-ove.nu\/index.php?rest_route=\/wp\/v2\/types\/post"}],"author":[{"embeddable":true,"href":"https:\/\/sven-ove.nu\/index.php?rest_route=\/wp\/v2\/users\/1"}],"replies":[{"embeddable":true,"href":"https:\/\/sven-ove.nu\/index.php?rest_route=%2Fwp%2Fv2%2Fcomments&post=12414"}],"version-history":[{"count":3,"href":"https:\/\/sven-ove.nu\/index.php?rest_route=\/wp\/v2\/posts\/12414\/revisions"}],"predecessor-version":[{"id":12418,"href":"https:\/\/sven-ove.nu\/index.php?rest_route=\/wp\/v2\/posts\/12414\/revisions\/12418"}],"wp:attachment":[{"href":"https:\/\/sven-ove.nu\/index.php?rest_route=%2Fwp%2Fv2%2Fmedia&parent=12414"}],"wp:term":[{"taxonomy":"category","embeddable":true,"href":"https:\/\/sven-ove.nu\/index.php?rest_route=%2Fwp%2Fv2%2Fcategories&post=12414"},{"taxonomy":"post_tag","embeddable":true,"href":"https:\/\/sven-ove.nu\/index.php?rest_route=%2Fwp%2Fv2%2Ftags&post=12414"}],"curies":[{"name":"wp","href":"https:\/\/api.w.org\/{rel}","templated":true}]}}