{"id":12419,"date":"2015-07-17T03:00:04","date_gmt":"2015-07-17T02:00:04","guid":{"rendered":"http:\/\/sven-ove.nu\/?p=12419"},"modified":"2015-07-15T09:09:14","modified_gmt":"2015-07-15T08:09:14","slug":"frukosten-var-fin","status":"publish","type":"post","link":"https:\/\/sven-ove.nu\/?p=12419","title":{"rendered":"Frukosten var fin"},"content":{"rendered":"<p><a href=\"https:\/\/sven-ove.nu\/wp-content\/uploads\/2015\/07\/Skurugata-nerifr\u00e5n.jpg\"><img loading=\"lazy\" decoding=\"async\" class=\" size-large wp-image-12422 alignnone\" src=\"https:\/\/sven-ove.nu\/wp-content\/uploads\/2015\/07\/Skurugata-nerifr\u00e5n-1024x683.jpg\" alt=\"Skurugata nerifr\u00e5n\" width=\"660\" height=\"440\" srcset=\"https:\/\/sven-ove.nu\/wp-content\/uploads\/2015\/07\/Skurugata-nerifr\u00e5n-1024x683.jpg 1024w, https:\/\/sven-ove.nu\/wp-content\/uploads\/2015\/07\/Skurugata-nerifr\u00e5n-300x200.jpg 300w\" sizes=\"auto, (max-width: 660px) 100vw, 660px\" \/><\/a><\/p>\n<p style=\"padding-left: 30px; text-align: right;\"><em>Skurugata, nerifr\u00e5n.<\/em><\/p>\n<h3><strong>Semester, dag 5, f\u00f6rra veckan:<\/strong><\/h3>\n<p>Hotellfrukost \u00e4r alltid hotellfrukost, \u00e4ven p\u00e5 sm\u00e5schabbigt hotell. (Gammalt Svenssons sl\u00e4ng-ordspr\u00e5k).<\/p>\n<p>Hur ser du om ett hotell \u00e4r fr\u00e4scht? Svar: bl\u00e4ddra i informationsp\u00e4rmen p\u00e5 rummet.<\/p>\n<p><span style=\"color: #ff0000;\"><a style=\"color: #ff0000;\" href=\"http:\/\/www.rimforsastrand.se\">Rimforsa Strand<\/a><\/span>? &#8221;V\u00e4lkommen. Du \u00e4r v\u00e4ntad!&#8221; skriver \u00e4garna och ser till att v\u00e4ldigt f\u00e5 har tummat sidorna. Allt \u00e4r f\u00e4rskt. <span style=\"color: #ff0000;\"><a style=\"color: #ff0000;\" href=\"http:\/\/www.eksjostadshotell.se\">Stadshotellet i Eksj\u00f6<\/a><\/span>? L\u00e5t oss s\u00e4ga s\u00e5h\u00e4r: jag har varit redaktions- och kontorsm\u00e4nniska sedan 1974. D\u00e5 k\u00e4nner du igen en skrynklig och gulnad plastficka n\u00e4r du ser en. Strax innan bokst\u00e4verna fr\u00e5n papperet b\u00f6rjar fastna i plasten har trov\u00e4rdigheten sl\u00e4ppt.<\/p>\n<p>Men sillen \u00e4r fin.<\/p>\n<p><strong>200 oxar till 130 meter rep<br \/>\n<\/strong>Vi tar ett extravarv runt Hunsn\u00e4sen, det \u00e4r Eksj\u00f6s sj\u00f6. En av dem. N\u00e4sta varv hittar vi r\u00e4tt efter all\u00e9n.\u00a0<span style=\"color: #ff0000;\"><a style=\"color: #ff0000;\" href=\"http:\/\/www.lansstyrelsen.se\/jonkoping\/SiteCollectionDocuments\/Sv\/djur-och-natur\/skyddad-natur\/naturreservat\/eksjo\/Folder%20naturreservat%20Skurugata.pdf\">Skurugata<\/a><\/span> \u00e4r en 800 meter l\u00e5ng spricka som spolades av en is\u00e4lv f\u00f6rra g\u00e5ngen det nyss hade varit rej\u00e4lt kallt i bygden. Vi kravlar och g\u00e5r, fotograferar 35 meter h\u00f6ga porfyrv\u00e4ggar och tolkar s\u00e4gnen om Tjuvaj\u00f6sse f\u00f6r belgiska barn som hunnit ikapp oss. Fr\u00e5n Skuruhatt ser vi Sm\u00e5lands skogar str\u00e4va vidare genom \u00e5rhundradena.<\/p>\n<p><a href=\"https:\/\/sven-ove.nu\/wp-content\/uploads\/2015\/07\/Skurugata.jpg\"><img loading=\"lazy\" decoding=\"async\" class=\"alignleft size-medium wp-image-12424\" src=\"https:\/\/sven-ove.nu\/wp-content\/uploads\/2015\/07\/Skurugata-200x300.jpg\" alt=\"Skurugata\" width=\"200\" height=\"300\" srcset=\"https:\/\/sven-ove.nu\/wp-content\/uploads\/2015\/07\/Skurugata-200x300.jpg 200w, https:\/\/sven-ove.nu\/wp-content\/uploads\/2015\/07\/Skurugata-683x1024.jpg 683w\" sizes=\"auto, (max-width: 200px) 100vw, 200px\" \/><\/a><\/p>\n<p><a href=\"https:\/\/sven-ove.nu\/wp-content\/uploads\/2015\/07\/Skuruhatt.jpg\"><img loading=\"lazy\" decoding=\"async\" class=\"alignleft size-medium wp-image-12425\" src=\"https:\/\/sven-ove.nu\/wp-content\/uploads\/2015\/07\/Skuruhatt-300x200.jpg\" alt=\"Skuruhatt\" width=\"300\" height=\"200\" srcset=\"https:\/\/sven-ove.nu\/wp-content\/uploads\/2015\/07\/Skuruhatt-300x200.jpg 300w, https:\/\/sven-ove.nu\/wp-content\/uploads\/2015\/07\/Skuruhatt-1024x683.jpg 1024w\" sizes=\"auto, (max-width: 300px) 100vw, 300px\" \/><\/a><\/p>\n<p>&nbsp;<\/p>\n<p>&nbsp;<\/p>\n<p>&nbsp;<\/p>\n<p>&nbsp;<\/p>\n<p>&nbsp;<\/p>\n<p>&nbsp;<\/p>\n<p>Tillbaka i <span style=\"color: #ff0000;\"><a style=\"color: #ff0000;\" href=\"http:\/\/www.eksjo.se\/kultur_fritid\/eksjoe_museum\">Eksj\u00f6 museum<\/a><\/span> l\u00e4r jag hur f\u00f6retagsamma sm\u00e5l\u00e4nningar s\u00e5lde oxar till Bergslagen. Till 130 meter grovt rep i v\u00e5ra gruvor gick det \u00e5t 200 hudar. Resten av djuren blev falukorv.<\/p>\n<p><strong>Rasist, alkoholliberal och kvinnofientlig<br \/>\n<\/strong><span style=\"color: #ff0000;\"><a style=\"color: #ff0000;\" href=\"http:\/\/www.eksjo.se\/kultur_fritid\/eksjoe_museum\/utstaellningar\/albert_engstroem\">Albert Engstr\u00f6m<\/a><\/span> var barn av sin tid, rasist, motst\u00e5ndare till kvinnors r\u00e4ttigheter och alkoholliberal, konstaterar vi p\u00e5 v\u00e5ning tre. Men han var ocks\u00e5 en folklig humorist.<\/p>\n<p>Den som g\u00f6r en resa har n\u00e5got att ber\u00e4tta. De d\u00e4r bilderna minns jag fr\u00e5n farmors och farfars bokhyllor.<\/p>\n<p>Barndomen \u00e4r n\u00e4ra.<\/p>\n<p><em># \u00c5r 1622 inf\u00f6r Gustav II Adolf lilla tullen i Sverige. Den ska beskatta inrikeshandeln och ge staten inkomster.<br \/>\n<\/em><em># I st\u00e4derna byggs tullportar och tullhus. Ett h\u00f6gt staket skiljer stad och land, du kan bara ta dig in via tullarna.<br \/>\n<\/em><em># De flesta varor som f\u00f6rs in blir tullbelagda. Tullavgifterna, ungef\u00e4r 3 procent av varornas v\u00e4rde, l\u00e4ggs i en tullkista.<\/em><\/p>\n<p><a href=\"https:\/\/sven-ove.nu\/wp-content\/uploads\/2015\/07\/Hult.jpg\"><img loading=\"lazy\" decoding=\"async\" class=\"alignleft size-large wp-image-12426\" src=\"https:\/\/sven-ove.nu\/wp-content\/uploads\/2015\/07\/Hult-970x1024.jpg\" alt=\"Hult\" width=\"660\" height=\"697\" srcset=\"https:\/\/sven-ove.nu\/wp-content\/uploads\/2015\/07\/Hult-970x1024.jpg 970w, https:\/\/sven-ove.nu\/wp-content\/uploads\/2015\/07\/Hult-284x300.jpg 284w\" sizes=\"auto, (max-width: 660px) 100vw, 660px\" \/><\/a><\/p>\n<p><a href=\"https:\/\/sven-ove.nu\/wp-content\/uploads\/2015\/07\/L\u00f6st\u00e4nder.jpg\"><img loading=\"lazy\" decoding=\"async\" class=\"alignleft size-large wp-image-12427\" src=\"https:\/\/sven-ove.nu\/wp-content\/uploads\/2015\/07\/L\u00f6st\u00e4nder-1024x955.jpg\" alt=\"L\u00f6st\u00e4nder\" width=\"660\" height=\"616\" srcset=\"https:\/\/sven-ove.nu\/wp-content\/uploads\/2015\/07\/L\u00f6st\u00e4nder-1024x955.jpg 1024w, https:\/\/sven-ove.nu\/wp-content\/uploads\/2015\/07\/L\u00f6st\u00e4nder-300x280.jpg 300w\" sizes=\"auto, (max-width: 660px) 100vw, 660px\" \/><\/a><\/p>\n<p style=\"text-align: right;\"><em>Teckningar av Albert Engstr\u00f6m.<\/em><\/p>\n","protected":false},"excerpt":{"rendered":"<p>Skurugata, nerifr\u00e5n. Semester, dag 5, f\u00f6rra veckan: Hotellfrukost \u00e4r alltid hotellfrukost, \u00e4ven p\u00e5 sm\u00e5schabbigt hotell. (Gammalt Svenssons sl\u00e4ng-ordspr\u00e5k). Hur ser du om ett hotell \u00e4r fr\u00e4scht? Svar: bl\u00e4ddra i informationsp\u00e4rmen p\u00e5 rummet. Rimforsa Strand? &#8221;V\u00e4lkommen. Du \u00e4r v\u00e4ntad!&#8221; skriver \u00e4garna och ser till att v\u00e4ldigt f\u00e5 har tummat sidorna. Allt \u00e4r f\u00e4rskt. Stadshotellet i Eksj\u00f6? &hellip; <a href=\"https:\/\/sven-ove.nu\/?p=12419\" class=\"more-link\">Forts\u00e4tt l\u00e4sa <span class=\"screen-reader-text\">Frukosten var fin<\/span><\/a><\/p>\n","protected":false},"author":1,"featured_media":0,"comment_status":"open","ping_status":"open","sticky":false,"template":"","format":"standard","meta":{"_crdt_document":"","_monsterinsights_skip_tracking":false,"_monsterinsights_sitenote_active":false,"_monsterinsights_sitenote_note":"","_monsterinsights_sitenote_category":0,"footnotes":""},"categories":[10,6,9],"tags":[8,18,20,13],"class_list":["post-12419","post","type-post","status-publish","format-standard","hentry","category-familjen","category-natur","category-politik","tag-historia","tag-lardomar","tag-rad","tag-utrustning"],"_links":{"self":[{"href":"https:\/\/sven-ove.nu\/index.php?rest_route=\/wp\/v2\/posts\/12419","targetHints":{"allow":["GET"]}}],"collection":[{"href":"https:\/\/sven-ove.nu\/index.php?rest_route=\/wp\/v2\/posts"}],"about":[{"href":"https:\/\/sven-ove.nu\/index.php?rest_route=\/wp\/v2\/types\/post"}],"author":[{"embeddable":true,"href":"https:\/\/sven-ove.nu\/index.php?rest_route=\/wp\/v2\/users\/1"}],"replies":[{"embeddable":true,"href":"https:\/\/sven-ove.nu\/index.php?rest_route=%2Fwp%2Fv2%2Fcomments&post=12419"}],"version-history":[{"count":12,"href":"https:\/\/sven-ove.nu\/index.php?rest_route=\/wp\/v2\/posts\/12419\/revisions"}],"predecessor-version":[{"id":12436,"href":"https:\/\/sven-ove.nu\/index.php?rest_route=\/wp\/v2\/posts\/12419\/revisions\/12436"}],"wp:attachment":[{"href":"https:\/\/sven-ove.nu\/index.php?rest_route=%2Fwp%2Fv2%2Fmedia&parent=12419"}],"wp:term":[{"taxonomy":"category","embeddable":true,"href":"https:\/\/sven-ove.nu\/index.php?rest_route=%2Fwp%2Fv2%2Fcategories&post=12419"},{"taxonomy":"post_tag","embeddable":true,"href":"https:\/\/sven-ove.nu\/index.php?rest_route=%2Fwp%2Fv2%2Ftags&post=12419"}],"curies":[{"name":"wp","href":"https:\/\/api.w.org\/{rel}","templated":true}]}}