{"id":12437,"date":"2015-07-18T03:00:37","date_gmt":"2015-07-18T02:00:37","guid":{"rendered":"http:\/\/sven-ove.nu\/?p=12437"},"modified":"2015-07-17T21:51:19","modified_gmt":"2015-07-17T20:51:19","slug":"och-temat-for-i-ar-ar","status":"publish","type":"post","link":"https:\/\/sven-ove.nu\/?p=12437","title":{"rendered":"Och temat f\u00f6r i \u00e5r \u00e4r &#8230;"},"content":{"rendered":"<h3><a href=\"https:\/\/sven-ove.nu\/wp-content\/uploads\/2015\/07\/Rum\u00e4nien.jpg\"><img loading=\"lazy\" decoding=\"async\" class=\" size-large wp-image-12442 alignnone\" src=\"https:\/\/sven-ove.nu\/wp-content\/uploads\/2015\/07\/Rum\u00e4nien-1024x768.jpg\" alt=\"Rum\u00e4nien\" width=\"660\" height=\"495\" srcset=\"https:\/\/sven-ove.nu\/wp-content\/uploads\/2015\/07\/Rum\u00e4nien-1024x768.jpg 1024w, https:\/\/sven-ove.nu\/wp-content\/uploads\/2015\/07\/Rum\u00e4nien-300x225.jpg 300w\" sizes=\"auto, (max-width: 660px) 100vw, 660px\" \/><\/a><\/h3>\n<h3><strong>Summering av v\u00e5r resa i \u00f6sterled<\/strong><\/h3>\n<blockquote><p>Det blir ett tema, det blir det alltid fast vi s\u00e4llan ser det f\u00f6rr\u00e4n efter\u00e5t. Under tiden kan jag bara inte best\u00e4mma mig f\u00f6r vilket.<\/p><\/blockquote>\n<p><strong>Landsbygdens globale f\u00f6rsvarare<br \/>\n<\/strong>Onsdag, bilen vill p\u00e5 semester och vi f\u00f6ljer med. \u00c4ter glass i regn i Hjortkvarn, parkerar i sol i Norrk\u00f6pings industrilandskap, \u00e4ter caesarsallad och vandrar genom historien bort till <span style=\"color: #ff0000;\"><a style=\"color: #ff0000;\" href=\"http:\/\/www.arbetetsmuseum.se\" target=\"_blank\">Arbetets museum<\/a><\/span>. Laxholmen \u00e4r en favoritplats p\u00e5 jorden. Det namnet har vi h\u00f6rt f\u00f6rr, Lantm\u00e4teriets lista r\u00e4knar upp tolv stycken.<\/p>\n<p>Vi har n\u00e5gra kvar.<\/p>\n<p>F\u00f6rsta utst\u00e4llningen visar teckningar av <span style=\"color: #ff0000;\"><a style=\"color: #ff0000;\" href=\"http:\/\/www.arbetetsmuseum.se\/utstallning\/ewk-museet\/\">EWK<\/a><\/span>. Han \u00e4r precis s\u00e5 bra som jag minns honom fr\u00e5n barndomens bilder i jordbrukarbladen och ungdomens mer upproriska l\u00e4sning. Alltid landsbygdens f\u00f6rsvarare, alltid r\u00e4ttvisans, ofta med ett globalt perspektiv mitt i det lokala. Delen och helheten h\u00e4nger ihop, de g\u00f6r ju det. Den enes rikedom den andres f\u00f6rnedring.<\/p>\n<p><a href=\"https:\/\/sven-ove.nu\/wp-content\/uploads\/2015\/07\/Fattigdom-och-\u00f6verfl\u00f6d.jpg\"><img loading=\"lazy\" decoding=\"async\" class=\" size-full wp-image-12443 alignnone\" src=\"https:\/\/sven-ove.nu\/wp-content\/uploads\/2015\/07\/Fattigdom-och-\u00f6verfl\u00f6d.jpg\" alt=\"Fattigdom och \u00f6verfl\u00f6d\" width=\"475\" height=\"600\" srcset=\"https:\/\/sven-ove.nu\/wp-content\/uploads\/2015\/07\/Fattigdom-och-\u00f6verfl\u00f6d.jpg 475w, https:\/\/sven-ove.nu\/wp-content\/uploads\/2015\/07\/Fattigdom-och-\u00f6verfl\u00f6d-238x300.jpg 238w\" sizes=\"auto, (max-width: 475px) 100vw, 475px\" \/><\/a><\/p>\n<p><strong>Jan Stenmarks s\u00f6ffa inspirerar<br \/>\n<\/strong>Jan Stenmark \u00e4r sig ocks\u00e5 lik. Jag ser honom regelbundet i facebookgruppen <span style=\"color: #ff0000;\"><a style=\"color: #ff0000;\" href=\"https:\/\/www.facebook.com\/groups\/2384679561\/?fref=ts\">Allt jag vet om livet har Jan Stenmark l\u00e4rt mig<\/a><\/span>. H\u00e4r \u00e4r de igen, de absurda, ljusa, l\u00e4tta och \u00e4nd\u00e5 svarta bilderna som f\u00f6rest\u00e4ller v\u00e5ra liv. \u201dEn dag ska vi alla d\u00f6\u2026 Alla andra dagar ska vi det inte\u201d.<\/p>\n<p>En av oss \u00e4lskar\u2019t.<br \/>\nOkontroversiell \u00e4r han inte.<\/p>\n<p><a href=\"https:\/\/sven-ove.nu\/wp-content\/uploads\/2015\/07\/En-dag.jpg\"><img loading=\"lazy\" decoding=\"async\" class=\"alignleft size-full wp-image-12444\" src=\"https:\/\/sven-ove.nu\/wp-content\/uploads\/2015\/07\/En-dag.jpg\" alt=\"En dag\" width=\"700\" height=\"679\" srcset=\"https:\/\/sven-ove.nu\/wp-content\/uploads\/2015\/07\/En-dag.jpg 700w, https:\/\/sven-ove.nu\/wp-content\/uploads\/2015\/07\/En-dag-300x291.jpg 300w\" sizes=\"auto, (max-width: 700px) 100vw, 700px\" \/><\/a><\/p>\n<p>\u00c4nd\u00e5 \u00e4r det efter en hisstur h\u00f6gre upp i det stora huset p\u00e5 holmen i Motala str\u00f6m som sinnena g\u00e5r ig\u00e5ng p\u00e5 allvar. EWK har jag sett ofta, \u00e4ven h\u00e4r en g\u00e5ng, och Jan Stenmarks bilder \u00e4r hemvanda. Fast det \u00e4r klart, nu ger han mig id\u00e9n till en inredningsdetalj hemma. Det \u00e4r n\u00e4r jag ser soffan de st\u00e4llt fram under Stenmarks bild av en soffa. Den med tv\u00e5 prickar bakom sig, p\u00e5 v\u00e4ggen. S\u00f6ffa. Jag vill ha en egen, lokal s\u00f6ffa.<\/p>\n<p style=\"padding-left: 30px;\"><em>Du st\u00e4ller en vanlig soffa vid en vit v\u00e4gg.<br \/>\n<\/em><em>Uppe p\u00e5 v\u00e4ggen, i h\u00f6jd med v\u00e4nstra sidan av soffan, h\u00e4nger du en stor svart cirkumflex. Det v\u00e4rml\u00e4ndska \u201dtaket\u201d, om du s\u00e5 vill.<br \/>\n<\/em><em>Raskt har du gjort dig en s\u00f4ffa. En med \u00f4. <\/em><\/p>\n<p style=\"padding-left: 30px;\"><em>(Stenmarks \u00e4r med \u00f6, detta \u00e4r min egen lokala efterapning, fortfarande med samma soffa).<\/em><\/p>\n<p style=\"padding-left: 30px;\"><a href=\"https:\/\/sven-ove.nu\/wp-content\/uploads\/2015\/07\/S\u00f4ffa.jpg\"><img loading=\"lazy\" decoding=\"async\" class=\" size-medium wp-image-12445 alignnone\" src=\"https:\/\/sven-ove.nu\/wp-content\/uploads\/2015\/07\/S\u00f4ffa-258x300.jpg\" alt=\"S\u00f4ffa\" width=\"258\" height=\"300\" srcset=\"https:\/\/sven-ove.nu\/wp-content\/uploads\/2015\/07\/S\u00f4ffa-258x300.jpg 258w, https:\/\/sven-ove.nu\/wp-content\/uploads\/2015\/07\/S\u00f4ffa-879x1024.jpg 879w, https:\/\/sven-ove.nu\/wp-content\/uploads\/2015\/07\/S\u00f4ffa.jpg 1571w\" sizes=\"auto, (max-width: 258px) 100vw, 258px\" \/><\/a><\/p>\n<p><strong><br \/>\nFastnar f\u00f6r rucklet i Rum\u00e4nien<br \/>\n<\/strong>Nu vaknar mitt r\u00e4ttvisesinne p\u00e5 allvar. Jag t\u00e4nker inte p\u00e5 <span style=\"color: #ff0000;\"><a style=\"color: #ff0000;\" href=\"http:\/\/www.arbetetsmuseum.se\/utstallning\/9-till-5\/\">elevutst\u00e4llningen<\/a><\/span> som studenterna fr\u00e5n fotoskolan i Gamleby gjort, \u00e4ven om den ocks\u00e5 \u00e4r sev\u00e4rd. D\u00e4r gillar jag Paulina Ahlms bild b\u00e4st. Fia med knuff. Hon har st\u00e4llt en rad spelpj\u00e4ser i olika f\u00e4rger i k\u00f6 utanf\u00f6r Arbetsf\u00f6rmedlingen. Resten f\u00e5r vi t\u00e4nka sj\u00e4lva.<\/p>\n<p style=\"padding-left: 30px;\"><strong>Det \u00e4r samma sak n\u00e4r du skriver. Betraktare och l\u00e4sare vill f\u00e5 vara med och r\u00e4kna ut. \u00c4r du en klok f\u00f6rfattare eller bildskapare, d\u00e5 g\u00f6r du dem smarta. N\u00e4sor \u00e4r inte till f\u00f6r att skrivas p\u00e5.<\/strong><\/p>\n<p style=\"padding-left: 30px;\"><a href=\"https:\/\/sven-ove.nu\/wp-content\/uploads\/2015\/07\/Fia.jpg\"><img loading=\"lazy\" decoding=\"async\" class=\" size-medium wp-image-12451 alignnone\" src=\"https:\/\/sven-ove.nu\/wp-content\/uploads\/2015\/07\/Fia-300x225.jpg\" alt=\"Fia\" width=\"300\" height=\"225\" srcset=\"https:\/\/sven-ove.nu\/wp-content\/uploads\/2015\/07\/Fia-300x225.jpg 300w, https:\/\/sven-ove.nu\/wp-content\/uploads\/2015\/07\/Fia-1024x768.jpg 1024w, https:\/\/sven-ove.nu\/wp-content\/uploads\/2015\/07\/Fia.jpg 1632w\" sizes=\"auto, (max-width: 300px) 100vw, 300px\" \/><\/a><\/p>\n<p>\u00c4nd\u00e5 \u00e4r det inte Fia-bilden som k\u00e4nns som ett br\u00e4nnande centrum f\u00f6r hela Arbetets museum, hela Laxholmen, denna dag. Blicken kan inte l\u00e5ta bli att dras dit och n\u00e4r jag v\u00e4l uppt\u00e4ckt fotografen <span style=\"color: #ff0000;\"><strong><a style=\"color: #ff0000;\" href=\"http:\/\/www.rogerturesson.se\">Roger Turessons<\/a><\/strong> <span style=\"color: #000000;\">bild<\/span><\/span> \u00e4r jag fast. Jag tar ett halvdant foto med mobilen, fullt av reflexer. <span style=\"color: #ff0000;\"><a style=\"color: #ff0000;\" href=\"http:\/\/www.arbetetsmuseum.se\/utstallning\/sverige-rumanien-turretur\/#prettyPhoto[image_gallery]\/2\/\" target=\"_blank\">Klicka h\u00e4r<\/a><\/span> om du vill ge den r\u00e4ttvisa.<\/p>\n<p>Hans fotoutst\u00e4llning heter <a href=\"http:\/\/www.arbetetsmuseum.se\/utstallning\/sverige-rumanien-turretur\/#prettyPhoto\"><span style=\"color: #ff0000;\"><strong>Sverige-Rum\u00e4nien t&amp;r<\/strong><\/span>.<\/a> Den visar bilder p\u00e5 EU-migranter. En av dem \u00e4r Claudia Sbircea som k\u00e4mpar f\u00f6r att f\u00f6rs\u00f6rja sin sjuka dotter. Rogers m\u00f6te med henne b\u00f6rjar i en tunnelbaneuppg\u00e5ng i Stockholm och forts\u00e4tter i hennes rum\u00e4nska hemby.<\/p>\n<p>&#8211; N\u00e4r vi f\u00f6rsta g\u00e5ngen tr\u00e4ffade Claudia satt hon hopkurad och tiggde i Mariatorgets tunnelbaneuppg\u00e5ng, ber\u00e4ttar Roger Turesson. Hon ville inte ber\u00e4tta hur l\u00e4nge hon varit i Sverige eller ge oss n\u00e5gon annan information.<\/p>\n<p>Bredvid henne l\u00e5g ett fotografi av hennes sjuka dotter. M\u00e5nga som passerade trodde att bilden var falsk och vissa kallade henne och hennes man \u201dmaffia\u201d.<\/p>\n<p><strong>\u00c5tta av tio \u00e4r i Sverige och tigger<br \/>\n<\/strong>Roger och reportern Josefine H\u00f6kerberg f\u00f6ljde\u00a0Claudia och hennes grannar i tv\u00e5 m\u00e5nader. N\u00e4r de vunnit deras f\u00f6rtroende fick de \u00e4ven bes\u00f6ka dem i Rum\u00e4nien.\u00a0D\u00e4r tr\u00e4ffade de Claudias sjuka dotter Vandana, 14 \u00e5r, och fick se den ofattbara fattigdom och det utanf\u00f6rskap som drev byborna till att tigga i Sverige. Reportageserien i Dagens Nyheter bel\u00f6nades med Stora Journalistpriset 2013.<\/p>\n<p>Bilderna fastnar djupt i sj\u00e4len och djupast fastnar den p\u00e5 det d\u00e5liga huset i Malu Vinat. Den heter s\u00e5, Claudias lilla by norr om Bukarest. \u00c5tta av tio bybor \u00e4r i Sverige och tigger, kvar finns bara gamla, sjuka och barn. Byn har inget dricksvatten, bara n\u00e5gra f\u00e5 hus har elektricitet.<\/p>\n<p>Inf\u00f6r varje val lovar politikerna dricksvatten till de 600 byborna. Varje g\u00e5ng. L\u00e4ngst bak i byn bor de fattigaste, de som inte \u00e4ger n\u00e5got att panta, f\u00f6r att f\u00e5 pengar till Sverigeresan. D\u00e5 \u00e5terst\u00e5r bara socialbidraget p\u00e5 200 kronor i m\u00e5naden.<\/p>\n<p><strong>V\u00e5rt fina Europa<br \/>\n<\/strong>D\u00e4r har du bilden av v\u00e5rt fina r\u00e4ttvisa Europa. L\u00e4nge st\u00e5r jag framf\u00f6r rucklet p\u00e5 bilden och f\u00f6rs\u00f6ker f\u00f6rst\u00e5. Det g\u00e5r inte.<\/p>\n<p>P\u00e5 kv\u00e4llen g\u00e5r vi p\u00e5 grillafton. Hotell Rimforsa Strand vore ocks\u00e5 v\u00e4rt en historia, men det f\u00e5r bli en annan g\u00e5ng.<\/p>\n<p>Jag ska \u00e4ta mig m\u00e4tt.<\/p>\n<p style=\"padding-left: 30px;\"><em><span style=\"color: #339966;\"><strong>#<\/strong><\/span> Temat f\u00f6r v\u00e5r resa \u00e4r <strong>arbete, kreativitet och klyftor<\/strong>. D\u00e5 r\u00e4knar jag \u00e4ven in klyftan Skurugata och Eksj\u00f6 roliga, vackra stad.<br \/>\n<\/em><em><span style=\"color: #339966;\"><strong>#<\/strong><\/span> <span style=\"color: #ff0000;\"><a style=\"color: #ff0000;\" href=\"http:\/\/www.rimforsastrand.se\/?page=husets-historia&amp;pid=130\" target=\"_blank\">Hotellet<\/a><\/span> i Rimforsa var en g\u00e5ng Fredrika Bremerf\u00f6rbundets lanthush\u00e5llsseminarium f\u00f6r kvinnor. Arkitekten har ritat M\u00e5rbacka med, det syns.<br \/>\n<\/em><em><span style=\"color: #339966;\"><strong>#<\/strong><\/span> Innan f\u00f6rra byggnaden brann hette en av kr\u00f6garna Johan Andersson Ander. Den ende i Sverige som avr\u00e4ttats med giljotin.<\/em><\/p>\n","protected":false},"excerpt":{"rendered":"<p>Summering av v\u00e5r resa i \u00f6sterled Det blir ett tema, det blir det alltid fast vi s\u00e4llan ser det f\u00f6rr\u00e4n efter\u00e5t. Under tiden kan jag bara inte best\u00e4mma mig f\u00f6r vilket. Landsbygdens globale f\u00f6rsvarare Onsdag, bilen vill p\u00e5 semester och vi f\u00f6ljer med. \u00c4ter glass i regn i Hjortkvarn, parkerar i sol i Norrk\u00f6pings industrilandskap, &hellip; <a href=\"https:\/\/sven-ove.nu\/?p=12437\" class=\"more-link\">Forts\u00e4tt l\u00e4sa <span class=\"screen-reader-text\">Och temat f\u00f6r i \u00e5r \u00e4r &#8230;<\/span><\/a><\/p>\n","protected":false},"author":1,"featured_media":0,"comment_status":"open","ping_status":"open","sticky":false,"template":"","format":"standard","meta":{"_crdt_document":"","_monsterinsights_skip_tracking":false,"_monsterinsights_sitenote_active":false,"_monsterinsights_sitenote_note":"","_monsterinsights_sitenote_category":0,"footnotes":""},"categories":[10,28,9,4],"tags":[3,8,18,17],"class_list":["post-12437","post","type-post","status-publish","format-standard","hentry","category-familjen","category-kreativt-folk","category-politik","category-skrivande","tag-arbete","tag-historia","tag-lardomar","tag-solidaritet"],"_links":{"self":[{"href":"https:\/\/sven-ove.nu\/index.php?rest_route=\/wp\/v2\/posts\/12437","targetHints":{"allow":["GET"]}}],"collection":[{"href":"https:\/\/sven-ove.nu\/index.php?rest_route=\/wp\/v2\/posts"}],"about":[{"href":"https:\/\/sven-ove.nu\/index.php?rest_route=\/wp\/v2\/types\/post"}],"author":[{"embeddable":true,"href":"https:\/\/sven-ove.nu\/index.php?rest_route=\/wp\/v2\/users\/1"}],"replies":[{"embeddable":true,"href":"https:\/\/sven-ove.nu\/index.php?rest_route=%2Fwp%2Fv2%2Fcomments&post=12437"}],"version-history":[{"count":14,"href":"https:\/\/sven-ove.nu\/index.php?rest_route=\/wp\/v2\/posts\/12437\/revisions"}],"predecessor-version":[{"id":12462,"href":"https:\/\/sven-ove.nu\/index.php?rest_route=\/wp\/v2\/posts\/12437\/revisions\/12462"}],"wp:attachment":[{"href":"https:\/\/sven-ove.nu\/index.php?rest_route=%2Fwp%2Fv2%2Fmedia&parent=12437"}],"wp:term":[{"taxonomy":"category","embeddable":true,"href":"https:\/\/sven-ove.nu\/index.php?rest_route=%2Fwp%2Fv2%2Fcategories&post=12437"},{"taxonomy":"post_tag","embeddable":true,"href":"https:\/\/sven-ove.nu\/index.php?rest_route=%2Fwp%2Fv2%2Ftags&post=12437"}],"curies":[{"name":"wp","href":"https:\/\/api.w.org\/{rel}","templated":true}]}}