{"id":12456,"date":"2015-07-23T03:00:51","date_gmt":"2015-07-23T02:00:51","guid":{"rendered":"http:\/\/sven-ove.nu\/?p=12456"},"modified":"2015-07-20T23:20:52","modified_gmt":"2015-07-20T22:20:52","slug":"tankar-i-ett-vargrevir","status":"publish","type":"post","link":"https:\/\/sven-ove.nu\/?p=12456","title":{"rendered":"Tankar i ett vargrevir"},"content":{"rendered":"<p><a href=\"https:\/\/sven-ove.nu\/wp-content\/uploads\/2015\/07\/Hund.jpg\"><img loading=\"lazy\" decoding=\"async\" class=\" size-large wp-image-12459 alignnone\" src=\"https:\/\/sven-ove.nu\/wp-content\/uploads\/2015\/07\/Hund-1024x768.jpg\" alt=\"Hund\" width=\"660\" height=\"495\" srcset=\"https:\/\/sven-ove.nu\/wp-content\/uploads\/2015\/07\/Hund-1024x768.jpg 1024w, https:\/\/sven-ove.nu\/wp-content\/uploads\/2015\/07\/Hund-300x225.jpg 300w\" sizes=\"auto, (max-width: 660px) 100vw, 660px\" \/><\/a><\/p>\n<p style=\"padding-left: 30px;\"><em>Keramisk hundskulptur av Christina Ros\u00e9n, fotograferad vid utst\u00e4llningen p\u00e5 Gamla kraftstationen i Deje.<\/em><\/p>\n<p>Det \u00e4r klart vi ska ha varg. H\u00e4r ska inte utrotas n\u00e5t.<br \/>\nDet \u00e4r klart mitt landskap har f\u00f6r m\u00e5nga. Nu f\u00e5r andra provinser ta sitt ansvar.<br \/>\nDet \u00e4r klart jag f\u00f6rst\u00e5r om en sm\u00e5barnsf\u00f6r\u00e4lder \u00e4r bekymrad. Vissa n\u00e4rg\u00e5ngna ulvar g\u00f6r d\u00e5lig pr f\u00f6r canis lupus.<br \/>\nDet \u00e4r klart jag lider med j\u00e4garn som f\u00e5r hunden slaktad. Ingen vill se sin familjemedlem upp\u00e4ten och hobbyn hoppl\u00f6s.<br \/>\nDet \u00e4r klart jag vill uppleva en vild vargflock n\u00e5gon g\u00e5ng. Bara jag sj\u00e4lv f\u00e5r v\u00e4lja tillf\u00e4lle.<\/p>\n<p><strong>D\u00e5 f\u00e5r vi kapa Kebnekajse<br \/>\n<\/strong>D\u00e4r har du min syn. Full av mots\u00e4ttningar. Debatten g\u00e5r, inom min kropp. V\u00e4nta, jag \u00e4r hundr\u00e4dd, n\u00e4mnde jag det? Inte f\u00f6r alla men f\u00f6r vissa. Det \u00e4r som med m\u00e4nniskor, grannen tycker jag mycket om.<\/p>\n<p>Du kan inte utrota allt du \u00e4r r\u00e4dd f\u00f6r. D\u00e5 skulle Kebnekajse vara tv\u00e5 och en halv meter h\u00f6gt p\u00e5 kartb\u00f6ckerna i morgon n\u00e4r vi vaknar och V\u00e4nern 150 centimeter djup fram\u00e5t kv\u00e4llen n\u00e4r vi l\u00e4gger oss.<\/p>\n<p>Jag springer i skogen ett tag till. Det \u00e4r min skog med. Vargar r\u00f6r inte folk.<\/p>\n<p style=\"padding-left: 30px;\"><em><span style=\"color: #339966;\"><strong>#<\/strong><\/span> En g\u00e5ng l\u00e4mnade jag material till Bengt af Klintberg. Jag hade sparat tidningsklipp om v\u00e4rml\u00e4ndsk <span style=\"color: #ff0000;\"><a style=\"color: #ff0000;\" href=\"https:\/\/www.goodreads.com\/book\/show\/16839144-den-stulna-njuren\">vargdebatt<\/a><\/span>.<\/em><br \/>\n<em><span style=\"color: #339966;\"><strong>#<\/strong> <\/span>Nej, ulven \u00e4r inte inplanterad.<\/em><br \/>\n<em><span style=\"color: #339966;\"><strong>#<\/strong><\/span> Ja, p\u00e5 70-talet intervjuade jag n\u00e5gra ungdomar i Sm\u00e5land som ville g\u00f6ra det. Plantera in var det fler som ville. Det f\u00f6rslaget f\u00e5r vargv\u00e4nner \u00e4ta upp \u00e4n i dag. Vargen var smartare \u00e4n dem. Han ordnade sin \u00e5terinvandring sj\u00e4lv. \u00c4lg \u00e4r g\u00f4tt.<\/em><br \/>\n<em><span style=\"color: #339966;\"><strong>#<\/strong><\/span> Ja, jag vet att i m\u00e5ngen glesbygd \u00e4r vargen en symbol f\u00f6r &#8221;stockholmsj\u00e4vlar&#8221;, makthavargrisar och all slags f\u00f6rtryckarfogdar. Den symboliken ins\u00e5g vi\u00a0i V\u00e4rmland redan 1983.<\/em><br \/>\n<em><span style=\"color: #339966;\"><strong>#<\/strong> <\/span>Visst ser det l\u00e4ckert ut n\u00e4r han springer? K\u00e4ra l\u00f6pargudar, l\u00e4r mig trava s\u00e5.<\/em><\/p>\n<p style=\"padding-left: 30px;\"><em>Ner till Falsterbo och hem.<\/em><\/p>\n","protected":false},"excerpt":{"rendered":"<p>Keramisk hundskulptur av Christina Ros\u00e9n, fotograferad vid utst\u00e4llningen p\u00e5 Gamla kraftstationen i Deje. Det \u00e4r klart vi ska ha varg. H\u00e4r ska inte utrotas n\u00e5t. Det \u00e4r klart mitt landskap har f\u00f6r m\u00e5nga. Nu f\u00e5r andra provinser ta sitt ansvar. Det \u00e4r klart jag f\u00f6rst\u00e5r om en sm\u00e5barnsf\u00f6r\u00e4lder \u00e4r bekymrad. Vissa n\u00e4rg\u00e5ngna ulvar g\u00f6r d\u00e5lig &hellip; <a href=\"https:\/\/sven-ove.nu\/?p=12456\" class=\"more-link\">Forts\u00e4tt l\u00e4sa <span class=\"screen-reader-text\">Tankar i ett vargrevir<\/span><\/a><\/p>\n","protected":false},"author":1,"featured_media":0,"comment_status":"open","ping_status":"open","sticky":false,"template":"","format":"standard","meta":{"_crdt_document":"","_monsterinsights_skip_tracking":false,"_monsterinsights_sitenote_active":false,"_monsterinsights_sitenote_note":"","_monsterinsights_sitenote_category":0,"footnotes":""},"categories":[5,6,9,4],"tags":[14,7],"class_list":["post-12456","post","type-post","status-publish","format-standard","hentry","category-lopning","category-natur","category-politik","category-skrivande","tag-lasning","tag-miljo"],"_links":{"self":[{"href":"https:\/\/sven-ove.nu\/index.php?rest_route=\/wp\/v2\/posts\/12456","targetHints":{"allow":["GET"]}}],"collection":[{"href":"https:\/\/sven-ove.nu\/index.php?rest_route=\/wp\/v2\/posts"}],"about":[{"href":"https:\/\/sven-ove.nu\/index.php?rest_route=\/wp\/v2\/types\/post"}],"author":[{"embeddable":true,"href":"https:\/\/sven-ove.nu\/index.php?rest_route=\/wp\/v2\/users\/1"}],"replies":[{"embeddable":true,"href":"https:\/\/sven-ove.nu\/index.php?rest_route=%2Fwp%2Fv2%2Fcomments&post=12456"}],"version-history":[{"count":7,"href":"https:\/\/sven-ove.nu\/index.php?rest_route=\/wp\/v2\/posts\/12456\/revisions"}],"predecessor-version":[{"id":12511,"href":"https:\/\/sven-ove.nu\/index.php?rest_route=\/wp\/v2\/posts\/12456\/revisions\/12511"}],"wp:attachment":[{"href":"https:\/\/sven-ove.nu\/index.php?rest_route=%2Fwp%2Fv2%2Fmedia&parent=12456"}],"wp:term":[{"taxonomy":"category","embeddable":true,"href":"https:\/\/sven-ove.nu\/index.php?rest_route=%2Fwp%2Fv2%2Fcategories&post=12456"},{"taxonomy":"post_tag","embeddable":true,"href":"https:\/\/sven-ove.nu\/index.php?rest_route=%2Fwp%2Fv2%2Ftags&post=12456"}],"curies":[{"name":"wp","href":"https:\/\/api.w.org\/{rel}","templated":true}]}}