{"id":12466,"date":"2015-07-19T03:00:10","date_gmt":"2015-07-19T02:00:10","guid":{"rendered":"http:\/\/sven-ove.nu\/?p=12466"},"modified":"2015-07-19T08:11:07","modified_gmt":"2015-07-19T07:11:07","slug":"om-inte-louise-har-ratt-att-andra-sig-vem-har-da-lov-till-det","status":"publish","type":"post","link":"https:\/\/sven-ove.nu\/?p=12466","title":{"rendered":"Om inte Louise har r\u00e4tt att \u00e4ndra sig, vem har d\u00e5 lov till det?"},"content":{"rendered":"<p><a href=\"https:\/\/sven-ove.nu\/wp-content\/uploads\/2015\/07\/Molnet.jpg\"><img loading=\"lazy\" decoding=\"async\" class=\" size-large wp-image-12470 alignnone\" src=\"https:\/\/sven-ove.nu\/wp-content\/uploads\/2015\/07\/Molnet-1024x812.jpg\" alt=\"Molnet\" width=\"660\" height=\"523\" srcset=\"https:\/\/sven-ove.nu\/wp-content\/uploads\/2015\/07\/Molnet-1024x812.jpg 1024w, https:\/\/sven-ove.nu\/wp-content\/uploads\/2015\/07\/Molnet-300x238.jpg 300w\" sizes=\"auto, (max-width: 660px) 100vw, 660px\" \/><\/a><\/p>\n<p>Jag m\u00e5ste erk\u00e4nna att jag \u00e4r r\u00e4tt tr\u00f6tt p\u00e5 diskussioner om Louise Andersson Bodin fr\u00e5n Grums. Hon \u00e4r personlig tr\u00e4nare med egen firma om jag f\u00f6rst\u00e5tt saken r\u00e4tt men ocks\u00e5 en oerh\u00f6rt framg\u00e5ngsrik \u201dyoutubefilmare\u201d fr\u00e5n vilda skogen. Hon har k\u00f6rt sin egen stil, ibland l\u00e5ngt utanf\u00f6r stora gatan. Det gillar jag. Kr\u00f6nik\u00f6ren Lasse Anrell kallade henne den v\u00e4rml\u00e4ndska humorns framtid.<\/p>\n<p>Men &#8211; hon har ocks\u00e5 lagt ut en rasistisk film. Det g\u00e5r inte att gilla. \u00c4ven om jag inte sett den s\u00e5 har jag l\u00e4st tillr\u00e4ckligt mycket i kommentarerna (inklusive hennes egna) f\u00f6r att f\u00f6rst\u00e5 att den var korkad och till sitt inneh\u00e5ll rasistisk. Adam Tensta gjorde r\u00e4tt.<\/p>\n<p>Det nu min politiska inst\u00e4llning kommer in. Forts\u00e4ttningen. \u00c4r det s\u00e5 att Louise Andersson Bodin st\u00e5r fast vid att anv\u00e4nda n-ordet och andra rasistiska tillm\u00e4len s\u00e5 \u00e4r hon v\u00e4rd b\u00e5de mitt och andras motst\u00e5nd. Det fina i kr\u00e5ks\u00e5ngen \u00e4r bara att det g\u00f6r hon inte. Tjejen har bett om urs\u00e4kt, inte en utan flera g\u00e5nger.<\/p>\n<p>Naturligtvis tror jag inte att du kan leva i Grums eller V\u00e4rmskog \u00e5r 2015 och vara normalbeg\u00e5vad (Louise \u00e4r sannerligen mer \u00e4n normalbeg\u00e5vad) och g\u00e5 omkring och inte fatta hur f\u00f6raktfullt n-ordet \u00e4r. Den f\u00f6rklaringen tror jag inte en sekund p\u00e5. Grumsbor \u00e4r lika kloka som andra svenskar.<\/p>\n<p>D\u00e4remot finns det n\u00e5got annat jag tror p\u00e5. F\u00f6rl\u00e5telse. Du f\u00e5r s\u00e4ga korkade saker och \u00e5ngra dig. Det g\u00e4ller oss alla och det g\u00e4ller f\u00f6rbaske mig 24-\u00e5ringar \u00e4nnu mer \u00e4n oss som \u00e4r 40 \u00e5r \u00e4ldre. Utan att ha sett Louises film \u00e4r jag tv\u00e4rs\u00e4ker p\u00e5 en sak. M\u00e4nniskan har bett om urs\u00e4kt flera g\u00e5nger. D\u00e5 f\u00e5r hon det av mig.<\/p>\n<p>Louise har s\u00e4kert mycket att l\u00e4ra om rasifiering, om f\u00f6rtryck och mobbing och om ords betydelse. Det har jag med. De senaste \u00e5ren har jag l\u00e4rt mycket om n-ordet, \u201domv\u00e4nd rasism\u201d och mycket annat. Omv\u00e4nd rasism finns f\u00f6rresten inte.<\/p>\n<p>Jag tror bara inte att m\u00e4nniskor \u00e4r statiska. Vi \u00e4r inte rasister, ickerasister eller antirasister f\u00f6r livet. Inte alla. M\u00e4nniskor m\u00e5ste f\u00e5 ha r\u00e4tt att \u00e4ndra sig och g\u00e5 vidare. Trodde jag inte p\u00e5 det, s\u00e5 skulle ju all politisk debatt vara on\u00f6dig. D\u00e5 gick ju ingen att \u00f6vertyga.<\/p>\n<p>Jag f\u00f6rl\u00e5ter dig, Louise. Jag har inte sett filmen du tog bort, men den verkar ju minst sagt korkad. Sk\u00e4rp dig. Fast det vill du g\u00f6ra, s\u00e4ger du. Bra. D\u00e5 s\u00e5. V\u00e4lkommen bland oss som tror p\u00e5 m\u00e5ngfald.<\/p>\n<p>H\u00e4r kan du g\u00f6ra mycket nytta, min v\u00e4n.<br \/>\nVi beh\u00f6ver skratta lite mer.<\/p>\n","protected":false},"excerpt":{"rendered":"<p>Jag m\u00e5ste erk\u00e4nna att jag \u00e4r r\u00e4tt tr\u00f6tt p\u00e5 diskussioner om Louise Andersson Bodin fr\u00e5n Grums. Hon \u00e4r personlig tr\u00e4nare med egen firma om jag f\u00f6rst\u00e5tt saken r\u00e4tt men ocks\u00e5 en oerh\u00f6rt framg\u00e5ngsrik \u201dyoutubefilmare\u201d fr\u00e5n vilda skogen. Hon har k\u00f6rt sin egen stil, ibland l\u00e5ngt utanf\u00f6r stora gatan. Det gillar jag. Kr\u00f6nik\u00f6ren Lasse Anrell kallade &hellip; <a href=\"https:\/\/sven-ove.nu\/?p=12466\" class=\"more-link\">Forts\u00e4tt l\u00e4sa <span class=\"screen-reader-text\">Om inte Louise har r\u00e4tt att \u00e4ndra sig, vem har d\u00e5 lov till det?<\/span><\/a><\/p>\n","protected":false},"author":1,"featured_media":0,"comment_status":"open","ping_status":"open","sticky":false,"template":"","format":"standard","meta":{"_crdt_document":"","_monsterinsights_skip_tracking":false,"_monsterinsights_sitenote_active":false,"_monsterinsights_sitenote_note":"","_monsterinsights_sitenote_category":0,"footnotes":""},"categories":[28,9],"tags":[18],"class_list":["post-12466","post","type-post","status-publish","format-standard","hentry","category-kreativt-folk","category-politik","tag-lardomar"],"_links":{"self":[{"href":"https:\/\/sven-ove.nu\/index.php?rest_route=\/wp\/v2\/posts\/12466","targetHints":{"allow":["GET"]}}],"collection":[{"href":"https:\/\/sven-ove.nu\/index.php?rest_route=\/wp\/v2\/posts"}],"about":[{"href":"https:\/\/sven-ove.nu\/index.php?rest_route=\/wp\/v2\/types\/post"}],"author":[{"embeddable":true,"href":"https:\/\/sven-ove.nu\/index.php?rest_route=\/wp\/v2\/users\/1"}],"replies":[{"embeddable":true,"href":"https:\/\/sven-ove.nu\/index.php?rest_route=%2Fwp%2Fv2%2Fcomments&post=12466"}],"version-history":[{"count":7,"href":"https:\/\/sven-ove.nu\/index.php?rest_route=\/wp\/v2\/posts\/12466\/revisions"}],"predecessor-version":[{"id":12475,"href":"https:\/\/sven-ove.nu\/index.php?rest_route=\/wp\/v2\/posts\/12466\/revisions\/12475"}],"wp:attachment":[{"href":"https:\/\/sven-ove.nu\/index.php?rest_route=%2Fwp%2Fv2%2Fmedia&parent=12466"}],"wp:term":[{"taxonomy":"category","embeddable":true,"href":"https:\/\/sven-ove.nu\/index.php?rest_route=%2Fwp%2Fv2%2Fcategories&post=12466"},{"taxonomy":"post_tag","embeddable":true,"href":"https:\/\/sven-ove.nu\/index.php?rest_route=%2Fwp%2Fv2%2Ftags&post=12466"}],"curies":[{"name":"wp","href":"https:\/\/api.w.org\/{rel}","templated":true}]}}