{"id":12478,"date":"2015-07-21T03:00:52","date_gmt":"2015-07-21T02:00:52","guid":{"rendered":"http:\/\/sven-ove.nu\/?p=12478"},"modified":"2015-07-21T17:10:44","modified_gmt":"2015-07-21T16:10:44","slug":"lyckan-att-fa-dela-dagens-fynd","status":"publish","type":"post","link":"https:\/\/sven-ove.nu\/?p=12478","title":{"rendered":"Lyckan att f\u00e5 dela dagens fynd"},"content":{"rendered":"<p><a href=\"https:\/\/sven-ove.nu\/wp-content\/uploads\/2015\/07\/svampjoggat.jpg\"><img loading=\"lazy\" decoding=\"async\" class=\" size-large wp-image-12482 alignnone\" src=\"https:\/\/sven-ove.nu\/wp-content\/uploads\/2015\/07\/svampjoggat-1024x672.jpg\" alt=\"svampjoggat\" width=\"660\" height=\"433\" srcset=\"https:\/\/sven-ove.nu\/wp-content\/uploads\/2015\/07\/svampjoggat-1024x672.jpg 1024w, https:\/\/sven-ove.nu\/wp-content\/uploads\/2015\/07\/svampjoggat-300x197.jpg 300w, https:\/\/sven-ove.nu\/wp-content\/uploads\/2015\/07\/svampjoggat.jpg 1625w\" sizes=\"auto, (max-width: 660px) 100vw, 660px\" \/><\/a><\/p>\n<p>Vad dr\u00f6mmer vi om? Mat p\u00e5 bordet, s\u00e4ng och tak, trygghet, k\u00e4rlek, skratt, en skog att g\u00e5 i, en by att tr\u00e4ffa folk i och det d\u00e4r s\u00e4rskilda som g\u00f6r oss till personer? Check, allt det har jag, det beh\u00f6ver inte dr\u00f6mmas. G\u00f4tt.<\/p>\n<p>Vad ska vi <strong>d\u00e5<\/strong> dr\u00f6mma om? En r\u00e4ttvis v\u00e4rld med framtidstro? Ja tack.\u00a0Det v\u00e4rsta som kan h\u00e4nda ett samh\u00e4lle eller en generation \u00e4r om dr\u00f6mmarna d\u00f6r.<\/p>\n<p><strong>Beh\u00f6ver v\u00e5r kantarelldr\u00f6m<br \/>\n<\/strong>En dag springer jag i skogen med en mycket ung skogsl\u00f6pare. Han har nyss l\u00e4rt sig karttecknen och att passa kartan, v\u00e4gvalen g\u00f6r vi tillsammans. F\u00f6rst missar vi en igenv\u00e4xt stig men sedan g\u00e5r det b\u00e4ttre. Kontrollstolpe efter kontrollstolpe blir antecknad p\u00e5 v\u00e5r lista med koder. L\u00f6pstegen \u00e4r olika men gl\u00e4djen den samma.<\/p>\n<p>D\u00e5 f\u00e5r vi se kantareller i kanten av elljussp\u00e5ret. Strax vaknar j\u00e4garen &amp; samlaren inom b\u00e5de honom och mig. Vi g\u00f6r paus i v\u00e5r tr\u00e4ningsrunda med kartan och viker av mot St\u00e4llena med stort S. Snart b\u00f6rjar magfickan p\u00e5 min overall bli tjock av svamp.<\/p>\n<p>Var det detta v\u00e5ra f\u00f6rf\u00e4der dr\u00f6mde en g\u00e5ng? J\u00e4garna-samlarna. Var det den h\u00e4r lyckan de k\u00e4nde, n\u00e4r de stolta kom tillbaka till gruppen och kunde visa upp dagens fynd?<\/p>\n<p>Jag tror det. Vi beh\u00f6ver dr\u00f6mma dr\u00f6mmar, vi beh\u00f6ver tro p\u00e5 framtiden. Vi beh\u00f6ver v\u00e5ga hoppas p\u00e5 en gemenskap, ett arbete, en l\u00f6n och en n\u00e5gorlunda r\u00e4ttvis f\u00f6rdelning av kantarellerna i livet.<\/p>\n<p><strong>Delar till alla<br \/>\n<\/strong>Mycket noggrant ser vi till att alla vid bordet f\u00e5r varsin svampsm\u00f6rg\u00e5s till f\u00f6rr\u00e4tt, innan grillningen. Stolta tar vi emot ber\u00f6mmet.<\/p>\n<p>&#8211; Vars\u00e5goda och \u00e4t!<\/p>\n<p style=\"padding-left: 30px;\"><em><strong>#<\/strong> Av var och en efter f\u00f6rm\u00e5ga, \u00e5t var och en efter behov. Tanken finns i Apostlag\u00e4rningarna 2:44-46 och hos Louis Blanc, Karl Marx och Peter Kropotkin. Med flera.<br \/>\n<\/em><em><strong>#<\/strong> H\u00e4r sprang vi: <span style=\"color: #ff0000;\"><a style=\"color: #ff0000;\" href=\"http:\/\/forshaga.stolpjakten.se\">Friska Forshaga<\/a><\/span>.<br \/>\n<\/em><em><strong>#<\/strong> &#8211; Sist till stolpe 8 \u00e4r en snigel!<\/em><\/p>\n","protected":false},"excerpt":{"rendered":"<p>Vad dr\u00f6mmer vi om? Mat p\u00e5 bordet, s\u00e4ng och tak, trygghet, k\u00e4rlek, skratt, en skog att g\u00e5 i, en by att tr\u00e4ffa folk i och det d\u00e4r s\u00e4rskilda som g\u00f6r oss till personer? Check, allt det har jag, det beh\u00f6ver inte dr\u00f6mmas. G\u00f4tt. Vad ska vi d\u00e5 dr\u00f6mma om? En r\u00e4ttvis v\u00e4rld med framtidstro? Ja &hellip; <a href=\"https:\/\/sven-ove.nu\/?p=12478\" class=\"more-link\">Forts\u00e4tt l\u00e4sa <span class=\"screen-reader-text\">Lyckan att f\u00e5 dela dagens fynd<\/span><\/a><\/p>\n","protected":false},"author":1,"featured_media":0,"comment_status":"open","ping_status":"open","sticky":false,"template":"","format":"standard","meta":{"_crdt_document":"","_monsterinsights_skip_tracking":false,"_monsterinsights_sitenote_active":false,"_monsterinsights_sitenote_note":"","_monsterinsights_sitenote_category":0,"footnotes":""},"categories":[5,6,9],"tags":[24,25,18,12,17],"class_list":["post-12478","post","type-post","status-publish","format-standard","hentry","category-lopning","category-natur","category-politik","tag-karlek","tag-kartan","tag-lardomar","tag-orientering","tag-solidaritet"],"_links":{"self":[{"href":"https:\/\/sven-ove.nu\/index.php?rest_route=\/wp\/v2\/posts\/12478","targetHints":{"allow":["GET"]}}],"collection":[{"href":"https:\/\/sven-ove.nu\/index.php?rest_route=\/wp\/v2\/posts"}],"about":[{"href":"https:\/\/sven-ove.nu\/index.php?rest_route=\/wp\/v2\/types\/post"}],"author":[{"embeddable":true,"href":"https:\/\/sven-ove.nu\/index.php?rest_route=\/wp\/v2\/users\/1"}],"replies":[{"embeddable":true,"href":"https:\/\/sven-ove.nu\/index.php?rest_route=%2Fwp%2Fv2%2Fcomments&post=12478"}],"version-history":[{"count":6,"href":"https:\/\/sven-ove.nu\/index.php?rest_route=\/wp\/v2\/posts\/12478\/revisions"}],"predecessor-version":[{"id":12510,"href":"https:\/\/sven-ove.nu\/index.php?rest_route=\/wp\/v2\/posts\/12478\/revisions\/12510"}],"wp:attachment":[{"href":"https:\/\/sven-ove.nu\/index.php?rest_route=%2Fwp%2Fv2%2Fmedia&parent=12478"}],"wp:term":[{"taxonomy":"category","embeddable":true,"href":"https:\/\/sven-ove.nu\/index.php?rest_route=%2Fwp%2Fv2%2Fcategories&post=12478"},{"taxonomy":"post_tag","embeddable":true,"href":"https:\/\/sven-ove.nu\/index.php?rest_route=%2Fwp%2Fv2%2Ftags&post=12478"}],"curies":[{"name":"wp","href":"https:\/\/api.w.org\/{rel}","templated":true}]}}