{"id":12542,"date":"2015-07-28T03:00:26","date_gmt":"2015-07-28T02:00:26","guid":{"rendered":"http:\/\/sven-ove.nu\/?p=12542"},"modified":"2015-07-25T11:15:54","modified_gmt":"2015-07-25T10:15:54","slug":"hata","status":"publish","type":"post","link":"https:\/\/sven-ove.nu\/?p=12542","title":{"rendered":"&#8221;Hata&#8221;?"},"content":{"rendered":"<p><a href=\"https:\/\/sven-ove.nu\/wp-content\/uploads\/2015\/07\/N\u00e4ttroll.jpg\"><img loading=\"lazy\" decoding=\"async\" class=\"alignleft size-large wp-image-12545\" src=\"https:\/\/sven-ove.nu\/wp-content\/uploads\/2015\/07\/N\u00e4ttroll-1024x512.jpg\" alt=\"N\u00e4ttroll\" width=\"660\" height=\"330\" srcset=\"https:\/\/sven-ove.nu\/wp-content\/uploads\/2015\/07\/N\u00e4ttroll.jpg 1024w, https:\/\/sven-ove.nu\/wp-content\/uploads\/2015\/07\/N\u00e4ttroll-300x150.jpg 300w\" sizes=\"auto, (max-width: 660px) 100vw, 660px\" \/><\/a><\/p>\n<p>Hata, uppmanar en erfaren v\u00e4rml\u00e4ndsk yrkesm\u00e4nniska sina v\u00e4nner p\u00e5 facebook. Det \u00e4r s\u00e5 det har g\u00e5tt med samtalsklimatet. F\u00f6rr var det de anonyma som hatade p\u00e5 n\u00e4tet, g\u00f6mda bakom mer eller mindre fantasifulla nics. Nu har hatet tagit ett steg till och upptr\u00e4der i fullt dagsljus med eget namn och foto, till och med bland annars nog s\u00e5 sakliga samh\u00e4llsmedborgare.<\/p>\n<p>Sv\u00e5rare var det inte att f\u00f6rd\u00e4rva tonen mellan m\u00e4nniskor.<\/p>\n<p style=\"padding-left: 30px;\"><strong>Hur g\u00f6r vi, den dagen vi vill v\u00e4nda p\u00e5 utvecklingen? Hur f\u00e5r vi en hatare att samtala som folk? Hur blir den trov\u00e4rdig och saklig igen, som nyss uppmanade till hat p\u00e5 n\u00e4tet? Det \u00e4r ett s\u00e5 starkt ord.<\/strong><\/p>\n<p>S\u00e5dant funderar jag p\u00e5 i juli 2015. Arg \u00e4r en ju sj\u00e4lv ibland och elak med n\u00e5gon g\u00e5ng men d\u00e5lig p\u00e5 att odla detta hat. H\u00e4r \u00e4r det mest hallonen som mognar. Samt en och annan n\u00e4tsvamp.<\/p>\n<p>Stilla lunkar semestern p\u00e5. Om en skulle ta och plocka n\u00e5gra kontroller?<\/p>\n<p style=\"padding-left: 30px;\"><em><span style=\"color: #ffcc00;\"><strong>#<\/strong><\/span> Jag s\u00f6ker p\u00e5 ordet n\u00e4that p\u00e5 Google.<\/em><br \/>\n<em><span style=\"color: #ffcc00;\"><strong>#<\/strong><\/span> 428 000 tr\u00e4ffar. Nej, nu har det blivit 433 000.<\/em><br \/>\n<em><span style=\"color: #ffcc00;\"><strong>#<\/strong><\/span> Hur m\u00e5nga beh\u00f6vs det?<\/em><\/p>\n","protected":false},"excerpt":{"rendered":"<p>Hata, uppmanar en erfaren v\u00e4rml\u00e4ndsk yrkesm\u00e4nniska sina v\u00e4nner p\u00e5 facebook. Det \u00e4r s\u00e5 det har g\u00e5tt med samtalsklimatet. F\u00f6rr var det de anonyma som hatade p\u00e5 n\u00e4tet, g\u00f6mda bakom mer eller mindre fantasifulla nics. Nu har hatet tagit ett steg till och upptr\u00e4der i fullt dagsljus med eget namn och foto, till och med bland &hellip; <a href=\"https:\/\/sven-ove.nu\/?p=12542\" class=\"more-link\">Forts\u00e4tt l\u00e4sa <span class=\"screen-reader-text\">&#8221;Hata&#8221;?<\/span><\/a><\/p>\n","protected":false},"author":1,"featured_media":0,"comment_status":"open","ping_status":"open","sticky":false,"template":"","format":"standard","meta":{"_crdt_document":"","_monsterinsights_skip_tracking":false,"_monsterinsights_sitenote_active":false,"_monsterinsights_sitenote_note":"","_monsterinsights_sitenote_category":0,"footnotes":""},"categories":[4],"tags":[16,14],"class_list":["post-12542","post","type-post","status-publish","format-standard","hentry","category-skrivande","tag-dumheter","tag-lasning"],"_links":{"self":[{"href":"https:\/\/sven-ove.nu\/index.php?rest_route=\/wp\/v2\/posts\/12542","targetHints":{"allow":["GET"]}}],"collection":[{"href":"https:\/\/sven-ove.nu\/index.php?rest_route=\/wp\/v2\/posts"}],"about":[{"href":"https:\/\/sven-ove.nu\/index.php?rest_route=\/wp\/v2\/types\/post"}],"author":[{"embeddable":true,"href":"https:\/\/sven-ove.nu\/index.php?rest_route=\/wp\/v2\/users\/1"}],"replies":[{"embeddable":true,"href":"https:\/\/sven-ove.nu\/index.php?rest_route=%2Fwp%2Fv2%2Fcomments&post=12542"}],"version-history":[{"count":3,"href":"https:\/\/sven-ove.nu\/index.php?rest_route=\/wp\/v2\/posts\/12542\/revisions"}],"predecessor-version":[{"id":12546,"href":"https:\/\/sven-ove.nu\/index.php?rest_route=\/wp\/v2\/posts\/12542\/revisions\/12546"}],"wp:attachment":[{"href":"https:\/\/sven-ove.nu\/index.php?rest_route=%2Fwp%2Fv2%2Fmedia&parent=12542"}],"wp:term":[{"taxonomy":"category","embeddable":true,"href":"https:\/\/sven-ove.nu\/index.php?rest_route=%2Fwp%2Fv2%2Fcategories&post=12542"},{"taxonomy":"post_tag","embeddable":true,"href":"https:\/\/sven-ove.nu\/index.php?rest_route=%2Fwp%2Fv2%2Ftags&post=12542"}],"curies":[{"name":"wp","href":"https:\/\/api.w.org\/{rel}","templated":true}]}}