{"id":12586,"date":"2015-07-31T03:00:21","date_gmt":"2015-07-31T02:00:21","guid":{"rendered":"http:\/\/sven-ove.nu\/?p=12586"},"modified":"2015-07-31T05:55:38","modified_gmt":"2015-07-31T04:55:38","slug":"den-ironiska-selfien-i-bastnas","status":"publish","type":"post","link":"https:\/\/sven-ove.nu\/?p=12586","title":{"rendered":"Uppt\u00e4cker B\u00e5stn\u00e4s hemlighet"},"content":{"rendered":"<p><a href=\"https:\/\/sven-ove.nu\/wp-content\/uploads\/2015\/07\/B\u00e5stn\u00e4s-3.jpg\"><img loading=\"lazy\" decoding=\"async\" class=\" size-full wp-image-12555 alignnone\" src=\"https:\/\/sven-ove.nu\/wp-content\/uploads\/2015\/07\/B\u00e5stn\u00e4s-3.jpg\" alt=\"B\u00e5stn\u00e4s 3\" width=\"640\" height=\"427\" srcset=\"https:\/\/sven-ove.nu\/wp-content\/uploads\/2015\/07\/B\u00e5stn\u00e4s-3.jpg 640w, https:\/\/sven-ove.nu\/wp-content\/uploads\/2015\/07\/B\u00e5stn\u00e4s-3-300x200.jpg 300w\" sizes=\"auto, (max-width: 640px) 100vw, 640px\" \/><\/a><\/p>\n<blockquote><p>\u2026 och d\u00e5 ser jag det. Just n\u00e4r jag tror att jag tittat f\u00e4rdigt p\u00e5\u00a0bilderna fr\u00e5n bilkyrkog\u00e5rden i B\u00e5stn\u00e4s uppt\u00e4cker jag det.<\/p><\/blockquote>\n<p>F\u00f6r n\u00e5gra dagar sedan klev jag runt och kn\u00e4ppte bilder i vild f\u00f6rtvivlan, medan regnet strilade och motiven tr\u00e4ngdes framf\u00f6r mina \u00f6gon. D\u00e4r en bucklig Konsum-buss, h\u00e4r en rostig backspegel och kolla d\u00e4r borta, en Saab som gift sig med en gran.<\/p>\n<p>I f\u00f6rbig\u00e5ende fotograferade jag en baklykta ocks\u00e5. Bakljus p\u00e5 vit bil med mossa, en promenadbild. F\u00f6rst tre\u00a0dagar efter\u00e5t n\u00e4r jag publicerat bilden p\u00e5 bloggen f\u00e5r jag se ansiktet. Baklampan \u00e4r trasig, glaset \u00e4r borta, men under glaset tittar ett ansikte fram.<\/p>\n<p>Nu pratar det till oss, tv\u00e4rs genom historien. H\u00f6r du vad hon s\u00e4ger?<\/p>\n<p><a href=\"https:\/\/sven-ove.nu\/wp-content\/uploads\/2015\/07\/Duckface.jpg\"><img loading=\"lazy\" decoding=\"async\" class=\" size-full wp-image-12588 alignnone\" src=\"https:\/\/sven-ove.nu\/wp-content\/uploads\/2015\/07\/Duckface.jpg\" alt=\"Duckface\" width=\"640\" height=\"502\" srcset=\"https:\/\/sven-ove.nu\/wp-content\/uploads\/2015\/07\/Duckface.jpg 640w, https:\/\/sven-ove.nu\/wp-content\/uploads\/2015\/07\/Duckface-300x235.jpg 300w\" sizes=\"auto, (max-width: 640px) 100vw, 640px\" \/><\/a><\/p>\n","protected":false},"excerpt":{"rendered":"<p>\u2026 och d\u00e5 ser jag det. Just n\u00e4r jag tror att jag tittat f\u00e4rdigt p\u00e5\u00a0bilderna fr\u00e5n bilkyrkog\u00e5rden i B\u00e5stn\u00e4s uppt\u00e4cker jag det. F\u00f6r n\u00e5gra dagar sedan klev jag runt och kn\u00e4ppte bilder i vild f\u00f6rtvivlan, medan regnet strilade och motiven tr\u00e4ngdes framf\u00f6r mina \u00f6gon. D\u00e4r en bucklig Konsum-buss, h\u00e4r en rostig backspegel och kolla d\u00e4r &hellip; <a href=\"https:\/\/sven-ove.nu\/?p=12586\" class=\"more-link\">Forts\u00e4tt l\u00e4sa <span class=\"screen-reader-text\">Uppt\u00e4cker B\u00e5stn\u00e4s hemlighet<\/span><\/a><\/p>\n","protected":false},"author":1,"featured_media":0,"comment_status":"open","ping_status":"open","sticky":false,"template":"","format":"standard","meta":{"_crdt_document":"","_monsterinsights_skip_tracking":false,"_monsterinsights_sitenote_active":false,"_monsterinsights_sitenote_note":"","_monsterinsights_sitenote_category":0,"footnotes":""},"categories":[28],"tags":[8,18],"class_list":["post-12586","post","type-post","status-publish","format-standard","hentry","category-kreativt-folk","tag-historia","tag-lardomar"],"_links":{"self":[{"href":"https:\/\/sven-ove.nu\/index.php?rest_route=\/wp\/v2\/posts\/12586","targetHints":{"allow":["GET"]}}],"collection":[{"href":"https:\/\/sven-ove.nu\/index.php?rest_route=\/wp\/v2\/posts"}],"about":[{"href":"https:\/\/sven-ove.nu\/index.php?rest_route=\/wp\/v2\/types\/post"}],"author":[{"embeddable":true,"href":"https:\/\/sven-ove.nu\/index.php?rest_route=\/wp\/v2\/users\/1"}],"replies":[{"embeddable":true,"href":"https:\/\/sven-ove.nu\/index.php?rest_route=%2Fwp%2Fv2%2Fcomments&post=12586"}],"version-history":[{"count":16,"href":"https:\/\/sven-ove.nu\/index.php?rest_route=\/wp\/v2\/posts\/12586\/revisions"}],"predecessor-version":[{"id":12614,"href":"https:\/\/sven-ove.nu\/index.php?rest_route=\/wp\/v2\/posts\/12586\/revisions\/12614"}],"wp:attachment":[{"href":"https:\/\/sven-ove.nu\/index.php?rest_route=%2Fwp%2Fv2%2Fmedia&parent=12586"}],"wp:term":[{"taxonomy":"category","embeddable":true,"href":"https:\/\/sven-ove.nu\/index.php?rest_route=%2Fwp%2Fv2%2Fcategories&post=12586"},{"taxonomy":"post_tag","embeddable":true,"href":"https:\/\/sven-ove.nu\/index.php?rest_route=%2Fwp%2Fv2%2Ftags&post=12586"}],"curies":[{"name":"wp","href":"https:\/\/api.w.org\/{rel}","templated":true}]}}