{"id":12600,"date":"2015-08-01T03:00:34","date_gmt":"2015-08-01T02:00:34","guid":{"rendered":"http:\/\/sven-ove.nu\/?p=12600"},"modified":"2015-07-30T14:14:41","modified_gmt":"2015-07-30T13:14:41","slug":"tiggare-ihjalfrusen-vid-varmlandsk-vagkant","status":"publish","type":"post","link":"https:\/\/sven-ove.nu\/?p=12600","title":{"rendered":"Tiggare ihj\u00e4lfrusen vid v\u00e4rml\u00e4ndsk v\u00e4gkant"},"content":{"rendered":"<p><a href=\"https:\/\/sven-ove.nu\/wp-content\/uploads\/2015\/08\/Busten.jpg\"><img loading=\"lazy\" decoding=\"async\" class=\" size-large wp-image-12603 alignnone\" src=\"https:\/\/sven-ove.nu\/wp-content\/uploads\/2015\/08\/Busten-1024x663.jpg\" alt=\"Busten\" width=\"660\" height=\"427\" srcset=\"https:\/\/sven-ove.nu\/wp-content\/uploads\/2015\/08\/Busten-1024x663.jpg 1024w, https:\/\/sven-ove.nu\/wp-content\/uploads\/2015\/08\/Busten-300x194.jpg 300w, https:\/\/sven-ove.nu\/wp-content\/uploads\/2015\/08\/Busten.jpg 1632w\" sizes=\"auto, (max-width: 660px) 100vw, 660px\" \/><\/a><\/p>\n<p>En g\u00e5ng kom jag cyklande fr\u00e5n \u00c5rj\u00e4ng, tog \u00e5t h\u00f6ger i S\u00f6dra Str\u00f6m och fortsatte uppf\u00f6r backarna via Kalleboda, nj\u00f6t av utsikten i Lenungen och kom sm\u00e5ningom fram i Glava. D\u00e4r s\u00e5g jag mitt livs enda bilverkstad med blommor i f\u00f6nstren.<\/p>\n<p>Det var d\u00e5. Nu bilar vi i andra riktningen men skogen \u00e4r sig lik och v\u00e4gen \u00e4n mer. Har jag n\u00e5gonsin cyklat en lika krokig och backig grusv\u00e4g? I Lenungen och Kalleboda sitter skyltar p\u00e5 tre spr\u00e5k vid v\u00e4gkanten. VARNING! Brant backe, cykla sakta!<\/p>\n<p><strong>V\u00e4grade hj\u00e4lpa den fattiga<br \/>\n<\/strong>N\u00e4r det \u00e4r n\u00e5gra kilometer kvar till S\u00f6dra Str\u00f6m k\u00e4nner jag igen stenen med offerkastet. <strong>Bu\u2019sten<\/strong>, namngiven av Kallbufj\u00e4llet. Bu\u2019 som i bod, antar jag.<\/p>\n<p>S\u00e4gnen ber\u00e4ttar om en tragisk h\u00e4ndelse. En kall och sn\u00f6ig julaftonskv\u00e4ll mot slutet av 1700- eller b\u00f6rjan av 1800-talet kom en kvinna g\u00e5ende. P\u00e5 armen bar hon sitt o\u00e4kta barn. Under dagen hade hon bett om husrum i en g\u00e5rd i n\u00e4rheten men f\u00e5tt nej. Husbonden ville inte ge husrum \u00e5t en s\u00e5dan kvinna. Ett barn f\u00f6tt utom \u00e4ktenskapet var en skam. Den skammen ville han inte dela.<\/p>\n<p>P\u00e5 juldagsmorgonen far han med familjen till julottan. D\u00e5 f\u00e5r de se kvinnan med sitt lilla barn i famnen intill Bu\u2019stenen. Ihj\u00e4lfrusna, halvt \u00f6versn\u00f6ade. Sedan dess har historien ber\u00e4ttats fr\u00e5n generation till generation. Hela tiden har m\u00e4nniskor lagt blommor eller ris vid stenen, till minne av den d\u00f6da kvinnan och hennes barn.<\/p>\n<p>Det forts\u00e4tter de att g\u00f6ra.<\/p>\n<p><strong>En h\u00e4lsning till oss i dag<br \/>\n<\/strong>Vi stannar, plockar n\u00e5gra f\u00e4rska blommor och l\u00e4gger dem d\u00e4r de tv\u00e5 dog. D\u00e4r ligger redan ett stort och ett litet mjukdjur, n\u00e5gra sm\u00e5slantar och minnesf\u00f6rem\u00e5l och gott om blommor och ris fr\u00e5n m\u00e5nga \u00e5r tillbaka.<\/p>\n<p style=\"padding-left: 30px;\"><em>(Texten forts\u00e4tter efter bilderna.)<\/em><\/p>\n<p><a href=\"https:\/\/sven-ove.nu\/wp-content\/uploads\/2015\/08\/G\u00e5vor.jpg\"><img loading=\"lazy\" decoding=\"async\" class=\" size-large wp-image-12604 alignnone\" src=\"https:\/\/sven-ove.nu\/wp-content\/uploads\/2015\/08\/G\u00e5vor-1024x715.jpg\" alt=\"G\u00e5vor\" width=\"660\" height=\"461\" srcset=\"https:\/\/sven-ove.nu\/wp-content\/uploads\/2015\/08\/G\u00e5vor-1024x715.jpg 1024w, https:\/\/sven-ove.nu\/wp-content\/uploads\/2015\/08\/G\u00e5vor-300x209.jpg 300w, https:\/\/sven-ove.nu\/wp-content\/uploads\/2015\/08\/G\u00e5vor.jpg 1632w\" sizes=\"auto, (max-width: 660px) 100vw, 660px\" \/><\/a><\/p>\n<p><a href=\"https:\/\/sven-ove.nu\/wp-content\/uploads\/2015\/08\/G\u00e5vorna.jpg\"><img loading=\"lazy\" decoding=\"async\" class=\" size-large wp-image-12606 alignnone\" src=\"https:\/\/sven-ove.nu\/wp-content\/uploads\/2015\/08\/G\u00e5vorna-1024x768.jpg\" alt=\"G\u00e5vorna\" width=\"660\" height=\"495\" srcset=\"https:\/\/sven-ove.nu\/wp-content\/uploads\/2015\/08\/G\u00e5vorna-1024x768.jpg 1024w, https:\/\/sven-ove.nu\/wp-content\/uploads\/2015\/08\/G\u00e5vorna-300x225.jpg 300w, https:\/\/sven-ove.nu\/wp-content\/uploads\/2015\/08\/G\u00e5vorna.jpg 1632w\" sizes=\"auto, (max-width: 660px) 100vw, 660px\" \/><\/a><br \/>\nL\u00e4nge st\u00e5r vi tysta och h\u00f6r den fattiga kvinnans och offerkastarnas h\u00e4lsning, rakt in i svensk tiggardebatt sommaren 2015. H\u00e4r har tv\u00e5 barn lagt sina mjukdjur, till minne av kvinnan och sp\u00e4dbarnet. Vad l\u00e4gger vi till kvinnan p\u00e5 trottoaren d\u00e4r hemma som beh\u00f6ver v\u00e5r hj\u00e4lp?<\/p>\n<p>Hur l\u00e5ngt \u00e4r det i dag mellan hj\u00e4rta och hj\u00e4rta? Vilken skam och fattigdom skr\u00e4mmer oss nu?<\/p>\n<p><strong>Dom som byggde landet<br \/>\n<\/strong>Strax d\u00e4rp\u00e5 sv\u00e4nger vi in vid radbyn L\u00e5ngelanda. D\u00e4r, i tingshuset, d\u00f6mdes pr\u00e4sten Anders Lindb\u00e4ck som tog livet av n\u00e5gra av socknens fattiga med arsenik.<\/p>\n<p>N\u00e4r vi kommer till Silleruds hembygdsg\u00e5rd sjunger G\u00f6ran Samuelsson och de andra artisterna i Packmopedturn\u00e9n \u201d<span style=\"color: #ff0000;\"><strong><a style=\"color: #ff0000;\" href=\"https:\/\/www.youtube.com\/watch?v=Z_jUyrc6TJs\">Dom som byggde landet<\/a><\/strong><\/span>\u201d. Publiken i sl\u00e4nten \u00e4r full av 60-\u00e5riga proggare som reser sig och appl\u00e5derar.<\/p>\n<p>\u00c4n \u00e4r landet inte f\u00e4rdigbyggt.<br \/>\nMycket har h\u00e4nt, mycket \u00e5terst\u00e5r att g\u00f6ra innan offerkasten bara \u00e4r historia.<\/p>\n<p style=\"padding-left: 30px;\"><em><span style=\"color: #339966;\"><strong>#<\/strong> <\/span>Vid ett offerkast har n\u00e5gon d\u00f6tt en ov\u00e4ntad eller v\u00e5ldsam d\u00f6d. Den som passerade offrade ett mynt, kastade en sten eller kvist f\u00f6r att den d\u00f6de inte skulle g\u00e5 igen och f\u00f6r att skydda sig sj\u00e4lv.<br \/>\n<\/em><em style=\"line-height: 1.6471;\"><span style=\"color: #339966;\"><strong>#<\/strong> <\/span>P\u00e5 vissa h\u00e5ll trodde folk att ju st\u00f6rre sten eller gren du la p\u00e5 h\u00f6gen, desto l\u00e4ngre kunde du f\u00e4rdas utan att r\u00e5ka ut f\u00f6r olycka.<br \/>\n<\/em><em><span style=\"color: #339966;\"><strong>#<\/strong> <\/span>P\u00e5 n\u00e4tet hittar jag <span style=\"color: #ff0000;\"><a style=\"color: #ff0000;\" href=\"http:\/\/web.arjang.se\/bildbanken\/viewimg.asp?BildId=4135\" target=\"_blank\">en bild fr\u00e5n 1960-talet<\/a><\/span>. D\u00e5 var kvistarna st\u00f6rre vid Bu\u2019sten. Nu ger vi mest blommor och sm\u00e5saker. Har r\u00e4dslan \u00f6verg\u00e5tt i hedersbevisning?<\/em><\/p>\n","protected":false},"excerpt":{"rendered":"<p>En g\u00e5ng kom jag cyklande fr\u00e5n \u00c5rj\u00e4ng, tog \u00e5t h\u00f6ger i S\u00f6dra Str\u00f6m och fortsatte uppf\u00f6r backarna via Kalleboda, nj\u00f6t av utsikten i Lenungen och kom sm\u00e5ningom fram i Glava. D\u00e4r s\u00e5g jag mitt livs enda bilverkstad med blommor i f\u00f6nstren. Det var d\u00e5. Nu bilar vi i andra riktningen men skogen \u00e4r sig lik &hellip; <a href=\"https:\/\/sven-ove.nu\/?p=12600\" class=\"more-link\">Forts\u00e4tt l\u00e4sa <span class=\"screen-reader-text\">Tiggare ihj\u00e4lfrusen vid v\u00e4rml\u00e4ndsk v\u00e4gkant<\/span><\/a><\/p>\n","protected":false},"author":1,"featured_media":0,"comment_status":"open","ping_status":"open","sticky":false,"template":"","format":"standard","meta":{"_crdt_document":"","_monsterinsights_skip_tracking":false,"_monsterinsights_sitenote_active":false,"_monsterinsights_sitenote_note":"","_monsterinsights_sitenote_category":0,"footnotes":""},"categories":[9],"tags":[16,8,18,14,17],"class_list":["post-12600","post","type-post","status-publish","format-standard","hentry","category-politik","tag-dumheter","tag-historia","tag-lardomar","tag-lasning","tag-solidaritet"],"_links":{"self":[{"href":"https:\/\/sven-ove.nu\/index.php?rest_route=\/wp\/v2\/posts\/12600","targetHints":{"allow":["GET"]}}],"collection":[{"href":"https:\/\/sven-ove.nu\/index.php?rest_route=\/wp\/v2\/posts"}],"about":[{"href":"https:\/\/sven-ove.nu\/index.php?rest_route=\/wp\/v2\/types\/post"}],"author":[{"embeddable":true,"href":"https:\/\/sven-ove.nu\/index.php?rest_route=\/wp\/v2\/users\/1"}],"replies":[{"embeddable":true,"href":"https:\/\/sven-ove.nu\/index.php?rest_route=%2Fwp%2Fv2%2Fcomments&post=12600"}],"version-history":[{"count":7,"href":"https:\/\/sven-ove.nu\/index.php?rest_route=\/wp\/v2\/posts\/12600\/revisions"}],"predecessor-version":[{"id":12610,"href":"https:\/\/sven-ove.nu\/index.php?rest_route=\/wp\/v2\/posts\/12600\/revisions\/12610"}],"wp:attachment":[{"href":"https:\/\/sven-ove.nu\/index.php?rest_route=%2Fwp%2Fv2%2Fmedia&parent=12600"}],"wp:term":[{"taxonomy":"category","embeddable":true,"href":"https:\/\/sven-ove.nu\/index.php?rest_route=%2Fwp%2Fv2%2Fcategories&post=12600"},{"taxonomy":"post_tag","embeddable":true,"href":"https:\/\/sven-ove.nu\/index.php?rest_route=%2Fwp%2Fv2%2Ftags&post=12600"}],"curies":[{"name":"wp","href":"https:\/\/api.w.org\/{rel}","templated":true}]}}