{"id":12681,"date":"2015-08-12T03:00:13","date_gmt":"2015-08-12T02:00:13","guid":{"rendered":"http:\/\/sven-ove.nu\/?p=12681"},"modified":"2015-08-11T10:13:19","modified_gmt":"2015-08-11T09:13:19","slug":"12681","status":"publish","type":"post","link":"https:\/\/sven-ove.nu\/?p=12681","title":{"rendered":"S\u00e4g inte att jag m\u00e5ste b\u00f6rja f\u00f6lja en podd nu ocks\u00e5"},"content":{"rendered":"<p><a href=\"https:\/\/sven-ove.nu\/wp-content\/uploads\/2015\/08\/V\u00e4rvet-Lars-L.jpg\"><img loading=\"lazy\" decoding=\"async\" class=\" size-full wp-image-12685 alignnone\" src=\"https:\/\/sven-ove.nu\/wp-content\/uploads\/2015\/08\/V\u00e4rvet-Lars-L.jpg\" alt=\"V\u00e4rvet Lars L\" width=\"632\" height=\"589\" srcset=\"https:\/\/sven-ove.nu\/wp-content\/uploads\/2015\/08\/V\u00e4rvet-Lars-L.jpg 632w, https:\/\/sven-ove.nu\/wp-content\/uploads\/2015\/08\/V\u00e4rvet-Lars-L-300x280.jpg 300w\" sizes=\"auto, (max-width: 632px) 100vw, 632px\" \/><\/a><\/p>\n<p>Nu \u00e4r det s\u00e5h\u00e4r. Jag har levt p\u00e5 mitt tangentbord sedan 1975 och levt <span style=\"text-decoration: underline;\">med<\/span> det \u00e4nnu l\u00e4ngre. Nya tangentbord ibland men samma goa bokst\u00e4vlar. Jag har tyckt om internet sedan 1994 n\u00e4r webben slog igenom i Sverige. Jag bor p\u00e5 Facebook, bloggar (uppenbarligen), twittrar f\u00f6rstr\u00f6tt och l\u00e4gger stundom ut konstiga bilder p\u00e5 instagram. Jag surfar, googlar, spotifyar och en massa annat digitalt som jag knappt kommer ih\u00e5g just nu men som finns. Tre sk\u00e4rmar ig\u00e5ng ibland n\u00e4r det \u00e4r n\u00e5t bra p\u00e5 tv. Eller Play, vem sa att tabl\u00e5n regerar \u00e5r 2015? Till r\u00e5ga p\u00e5 allt st\u00e5r det webbredakt\u00f6r p\u00e5 skylten p\u00e5 jobbet. Mycket facebookande d\u00e4r med, en hel del forumsvar och massor av hederv\u00e4rt googlande f\u00f6rutom att jag l\u00e4gger ut vanliga nya sidor p\u00e5 jobbwebben.<\/p>\n<p>Digital \u00e4r mitt mellannamn, mellan dubbelf\u00f6rnamnet och Sociala Medier. Ingen vet n\u00e4r privatlivet b\u00f6rjar och jobbet tar slut. Jag \u00e4lskar det. Har du haft en far som var sm\u00e5bonde i m\u00e5nga \u00e5r s\u00e5 s\u00e4tter det sina sp\u00e5r.<\/p>\n<p><strong>H\u00f6r p\u00e5 Lars<br \/>\n<\/strong>Men podd hade jag bara lyssnat p\u00e5 en g\u00e5ng. Podd? Det var n\u00e4r en v\u00e4nsterriksdagskandidat i V\u00e4rmland startade podd tillsammans med en moderatkvinna inf\u00f6r f\u00f6rra valet. Kul id\u00e9 men tradigt innan de 45 minuterna var slut.<\/p>\n<p>Det \u00e4r klart att jag vet att <span style=\"color: #ff6600;\"><strong><a style=\"color: #ff6600;\" href=\"http:\/\/v\u00e4rvet.se\" target=\"_blank\">V\u00e4rvet<\/a><\/strong><\/span> \u00e4r en bra podd. En del intervjuer \u00e4r bra, l\u00e4ser jag p\u00e5 n\u00e4tet. St\u00e4ndigt detta n\u00e4t.<\/p>\n<p>Det \u00e4r d\u00e5 min kloka arbetskamrat K f\u00f6rklarar att jag bara m\u00e5ste lyssna p\u00e5 <span style=\"color: #ff6600;\"><a style=\"color: #ff6600;\" href=\"http:\/\/v\u00e4rvet.se\/podcast\/127-lars-lerin\/\" target=\"_blank\">Lars Lerin-intervjun<\/a><\/span> p\u00e5 V\u00e4rvet. Han \u00e4r Nordens b\u00e4ste (minst) akvarellist om du inte visste det. En karl som \u00e4ntligen f\u00e5tt sitt v\u00e4lf\u00f6rtj\u00e4nta genombrott utanf\u00f6r v\u00e5r provins. Lars \u00e4r ett geni, dessutom en av v\u00e5ra produktivare f\u00f6rfattare.<\/p>\n<p>N\u00e5, kamrat K \u00e4r klok och n\u00e5\u2019t m\u00e5ste en m\u00e4nniska g\u00f6ra en regnig afton i Grossbolstorp n\u00e4r hallonen \u00e4r relativt plockade. S\u00e5 jag h\u00e4mtar appen och lyssnar. Mumlar \u00f6ver reklamen men lyssnar.<\/p>\n<p><strong>Ett nytt m\u00e5ste<br \/>\n<\/strong>Jaha. D\u00e4r kom ett nytt m\u00e5ste. Pigg intervjuare och intressant folk som f\u00e5r prata till punkt. Jag tycker snart om det. Pl\u00e5ga inte dig sj\u00e4lv med att avst\u00e5. H\u00f6r p\u00e5&#8217;t. Nyss lyssnade jag p\u00e5 intervjun med <span style=\"color: #ff6600;\"><a style=\"color: #ff6600;\" href=\"http:\/\/v\u00e4rvet.se\/podcast\/168-henrik-dorsin\/\" target=\"_blank\">Henrik Dorsin<\/a><\/span>. Att jag och en \u00e5tta\u00e5ring jag k\u00e4nner \u00e4lskar Dorsin, det visste jag redan. Intervjun p\u00e5 V\u00e4rvet hj\u00e4lper mig att f\u00f6rst\u00e5 varf\u00f6r. Komiker ska ha ett allvar och det har karln.<\/p>\n<p>N\u00e4r du har h\u00f6rt f\u00e4rdigt p\u00e5 den eller n\u00e5gon av de andra hundratals l\u00e5\u00e5\u00e5\u00e5nga levande intervjuerna kan du kolla den h\u00e4r sketchen med Henrik Dorsin p\u00e5 Youtube som n\u00e4mns i V\u00e4rvetinslaget. Genial!<\/p>\n<p><a href=\"https:\/\/www.youtube.com\/watch?v=qBLmpMsuQTM\"><strong><span style=\"color: #ff6600;\">En gaffel kort<\/span><\/strong><br \/>\n<\/a>Kom igen, prova V\u00e4rvet nu. Vad kan h\u00e4nda?<\/p>\n<p style=\"padding-left: 30px;\"><em><span style=\"color: #ff6600;\"><strong>#<\/strong> <\/span>Podds\u00e4ndning, av engelska podcasting.<br \/>\n<\/em><em><span style=\"color: #ff6600;\"><strong>#<\/strong> <\/span>Namnet beror p\u00e5 att de f\u00f6rsta datorprogrammen f\u00f6r podds\u00e4ndningar gjordes f\u00f6r Ipod.<br \/>\n<\/em><em><span style=\"color: #ff6600;\"><strong>#<\/strong><\/span> Det engelska ordet pod betyder fr\u00f6skida men ocks\u00e5 grej, moj\u00e4ng.<\/em><\/p>\n","protected":false},"excerpt":{"rendered":"<p>Nu \u00e4r det s\u00e5h\u00e4r. Jag har levt p\u00e5 mitt tangentbord sedan 1975 och levt med det \u00e4nnu l\u00e4ngre. Nya tangentbord ibland men samma goa bokst\u00e4vlar. Jag har tyckt om internet sedan 1994 n\u00e4r webben slog igenom i Sverige. Jag bor p\u00e5 Facebook, bloggar (uppenbarligen), twittrar f\u00f6rstr\u00f6tt och l\u00e4gger stundom ut konstiga bilder p\u00e5 instagram. Jag &hellip; <a href=\"https:\/\/sven-ove.nu\/?p=12681\" class=\"more-link\">Forts\u00e4tt l\u00e4sa <span class=\"screen-reader-text\">S\u00e4g inte att jag m\u00e5ste b\u00f6rja f\u00f6lja en podd nu ocks\u00e5<\/span><\/a><\/p>\n","protected":false},"author":1,"featured_media":0,"comment_status":"open","ping_status":"open","sticky":false,"template":"","format":"standard","meta":{"_crdt_document":"","_monsterinsights_skip_tracking":false,"_monsterinsights_sitenote_active":false,"_monsterinsights_sitenote_note":"","_monsterinsights_sitenote_category":0,"footnotes":""},"categories":[28],"tags":[15,20],"class_list":["post-12681","post","type-post","status-publish","format-standard","hentry","category-kreativt-folk","tag-mediedjungeln","tag-rad"],"_links":{"self":[{"href":"https:\/\/sven-ove.nu\/index.php?rest_route=\/wp\/v2\/posts\/12681","targetHints":{"allow":["GET"]}}],"collection":[{"href":"https:\/\/sven-ove.nu\/index.php?rest_route=\/wp\/v2\/posts"}],"about":[{"href":"https:\/\/sven-ove.nu\/index.php?rest_route=\/wp\/v2\/types\/post"}],"author":[{"embeddable":true,"href":"https:\/\/sven-ove.nu\/index.php?rest_route=\/wp\/v2\/users\/1"}],"replies":[{"embeddable":true,"href":"https:\/\/sven-ove.nu\/index.php?rest_route=%2Fwp%2Fv2%2Fcomments&post=12681"}],"version-history":[{"count":6,"href":"https:\/\/sven-ove.nu\/index.php?rest_route=\/wp\/v2\/posts\/12681\/revisions"}],"predecessor-version":[{"id":12688,"href":"https:\/\/sven-ove.nu\/index.php?rest_route=\/wp\/v2\/posts\/12681\/revisions\/12688"}],"wp:attachment":[{"href":"https:\/\/sven-ove.nu\/index.php?rest_route=%2Fwp%2Fv2%2Fmedia&parent=12681"}],"wp:term":[{"taxonomy":"category","embeddable":true,"href":"https:\/\/sven-ove.nu\/index.php?rest_route=%2Fwp%2Fv2%2Fcategories&post=12681"},{"taxonomy":"post_tag","embeddable":true,"href":"https:\/\/sven-ove.nu\/index.php?rest_route=%2Fwp%2Fv2%2Ftags&post=12681"}],"curies":[{"name":"wp","href":"https:\/\/api.w.org\/{rel}","templated":true}]}}