{"id":12689,"date":"2015-08-13T03:00:17","date_gmt":"2015-08-13T02:00:17","guid":{"rendered":"http:\/\/sven-ove.nu\/?p=12689"},"modified":"2015-08-12T22:49:28","modified_gmt":"2015-08-12T21:49:28","slug":"a-en-riktitt-klok","status":"publish","type":"post","link":"https:\/\/sven-ove.nu\/?p=12689","title":{"rendered":"\u00c4&#8217; en riktitt klok?"},"content":{"rendered":"<p><a href=\"https:\/\/sven-ove.nu\/wp-content\/uploads\/2015\/08\/Lillgroda.jpg\"><img loading=\"lazy\" decoding=\"async\" class=\" size-full wp-image-12692 alignnone\" src=\"https:\/\/sven-ove.nu\/wp-content\/uploads\/2015\/08\/Lillgroda.jpg\" alt=\"Lillgroda\" width=\"320\" height=\"222\" srcset=\"https:\/\/sven-ove.nu\/wp-content\/uploads\/2015\/08\/Lillgroda.jpg 320w, https:\/\/sven-ove.nu\/wp-content\/uploads\/2015\/08\/Lillgroda-300x208.jpg 300w\" sizes=\"auto, (max-width: 320px) 100vw, 320px\" \/><\/a><\/p>\n<p>En del dagar b\u00f6rjar jag tro att det \u00e4r dags att byta till den v\u00e4rsta titel jag vet. Informationsstrateg.<\/p>\n<p>Tanken slog mig n\u00e4r jag m\u00e4rkte vad jag satt och gjorde i g\u00e5r. Skrev f\u00f6rsta utkastet till adj\u00f6-mejl p\u00e5 jobbet. 168 ord. Det ska e-postas till arbetskamraterna i mitten av januari, n\u00e4r jag g\u00e5r i pension.<\/p>\n<p>Januari? Dit \u00e4r det fem m\u00e5nader.<br \/>\nH\u00e4r ser du en som t\u00e4nker strategiskt.<\/p>\n<p style=\"padding-left: 30px;\"><em><strong><span style=\"color: #339966;\">#<\/span><\/strong> \u00c4r det OK om jag forts\u00e4tter och g\u00f6r packningslistan i eftermiddag?<br \/>\n<\/em><em style=\"line-height: 1.6471;\"><strong><span style=\"color: #339966;\">#<\/span><\/strong> Den med jobbgrejorna som ska tillbaka till kontoret.<br \/>\n<\/em><em><strong><span style=\"color: #339966;\"># <\/span><\/strong>7 pennor, 1 skrivare, 12 tomma disketter, en halv f\u00f6rpackning kopieringspapper, 4 plastmappar. Disketterna blir nog popul\u00e4ra.<\/em><\/p>\n","protected":false},"excerpt":{"rendered":"<p>En del dagar b\u00f6rjar jag tro att det \u00e4r dags att byta till den v\u00e4rsta titel jag vet. Informationsstrateg. Tanken slog mig n\u00e4r jag m\u00e4rkte vad jag satt och gjorde i g\u00e5r. Skrev f\u00f6rsta utkastet till adj\u00f6-mejl p\u00e5 jobbet. 168 ord. Det ska e-postas till arbetskamraterna i mitten av januari, n\u00e4r jag g\u00e5r i pension. &hellip; <a href=\"https:\/\/sven-ove.nu\/?p=12689\" class=\"more-link\">Forts\u00e4tt l\u00e4sa <span class=\"screen-reader-text\">\u00c4&#8217; en riktitt klok?<\/span><\/a><\/p>\n","protected":false},"author":1,"featured_media":0,"comment_status":"open","ping_status":"open","sticky":false,"template":"","format":"standard","meta":{"_crdt_document":"","_monsterinsights_skip_tracking":false,"_monsterinsights_sitenote_active":false,"_monsterinsights_sitenote_note":"","_monsterinsights_sitenote_category":0,"footnotes":""},"categories":[1],"tags":[],"class_list":["post-12689","post","type-post","status-publish","format-standard","hentry","category-uncategorized"],"_links":{"self":[{"href":"https:\/\/sven-ove.nu\/index.php?rest_route=\/wp\/v2\/posts\/12689","targetHints":{"allow":["GET"]}}],"collection":[{"href":"https:\/\/sven-ove.nu\/index.php?rest_route=\/wp\/v2\/posts"}],"about":[{"href":"https:\/\/sven-ove.nu\/index.php?rest_route=\/wp\/v2\/types\/post"}],"author":[{"embeddable":true,"href":"https:\/\/sven-ove.nu\/index.php?rest_route=\/wp\/v2\/users\/1"}],"replies":[{"embeddable":true,"href":"https:\/\/sven-ove.nu\/index.php?rest_route=%2Fwp%2Fv2%2Fcomments&post=12689"}],"version-history":[{"count":8,"href":"https:\/\/sven-ove.nu\/index.php?rest_route=\/wp\/v2\/posts\/12689\/revisions"}],"predecessor-version":[{"id":12698,"href":"https:\/\/sven-ove.nu\/index.php?rest_route=\/wp\/v2\/posts\/12689\/revisions\/12698"}],"wp:attachment":[{"href":"https:\/\/sven-ove.nu\/index.php?rest_route=%2Fwp%2Fv2%2Fmedia&parent=12689"}],"wp:term":[{"taxonomy":"category","embeddable":true,"href":"https:\/\/sven-ove.nu\/index.php?rest_route=%2Fwp%2Fv2%2Fcategories&post=12689"},{"taxonomy":"post_tag","embeddable":true,"href":"https:\/\/sven-ove.nu\/index.php?rest_route=%2Fwp%2Fv2%2Ftags&post=12689"}],"curies":[{"name":"wp","href":"https:\/\/api.w.org\/{rel}","templated":true}]}}