{"id":12773,"date":"2015-08-24T03:00:45","date_gmt":"2015-08-24T02:00:45","guid":{"rendered":"http:\/\/sven-ove.nu\/?p=12773"},"modified":"2015-08-21T12:23:52","modified_gmt":"2015-08-21T11:23:52","slug":"12773","status":"publish","type":"post","link":"https:\/\/sven-ove.nu\/?p=12773","title":{"rendered":"Sj\u00e4lvhj\u00e4lpsf\u00f6rfattare \u00e4r vi allihop"},"content":{"rendered":"<blockquote><p>Det \u00e4r klart det \u00e4r sj\u00e4lvhj\u00e4lp vi h\u00e5ller p\u00e5 med. Varf\u00f6r har jag inte f\u00f6rst\u00e5tt det f\u00f6rut?<\/p>\n<p>Asch, det har jag. Jag har bara inte fattat det fullt ut.<\/p><\/blockquote>\n<p>S\u00e5h\u00e4r \u00e4r det. Jag brukar sluta en viss typ av Facebookinl\u00e4gg med det anv\u00e4ndbara ordet &#8221;Trivs&#8221;. Mest f\u00f6r att det \u00e4r sant, jag m\u00e5r ofta g\u00f4tt. D\u00e5 citerades jag av den ene efter den andre, vilket ocks\u00e5 var trivsamt. Fast en afton i vecka 34 slog tanken mig. T\u00e4nk om facebookv\u00e4nnerna tror att jag vill bli optimistkonsult? En bl\u00e5\u00f6gd typ som g\u00e5r genom v\u00e4rlden och inbillar mig\u00a0att allt \u00e4r bra. Allting.<\/p>\n<p>Allt \u00e4r inte bra. Familjen har sannerligen haft sina pr\u00f6vningar, \u00e4ven om jag inte skriver om dem h\u00e4r, n\u00e4r det \u00e4r privat. V\u00e4rlden och svensk inrikespolitik \u00e4r inte heller frisk som en n\u00f6tk\u00e4rna. Jag vet. Jag f\u00f6rs\u00f6ker inte lura mig sj\u00e4lv eller andra.<\/p>\n<p>N\u00e4r jag antydde att jag inte ville bli den d\u00e4r konsulten med sj\u00e4lvhj\u00e4lpsb\u00f6ckerna kom kommentaren fort. Den roar mig. <em>&#8221;Jamen, sj\u00e4lvhj\u00e4lpsbok! Det vore v\u00e4l n\u00e5t!&#8221;,<\/em><\/p>\n<p><strong>Vad \u00e4r det som driver oss?<br \/>\n<\/strong>Nu har jag g\u00e5tt och t\u00e4nkt p\u00e5 saken en halv vecka. Grunnat p\u00e5 dagen, grubblat i natten. Vad \u00e4r det som driver oss egentligen?<\/p>\n<p>Jag pratar om skrivarna i v\u00e4rlden. Du m\u00f6ter dem i litteraturen, du m\u00f6ter dem p\u00e5 bloggar, du ser dem varje dag p\u00e5 Facebook om du finns d\u00e4r. Kreativt folk som ber\u00e4ttar och ber\u00e4ttar, hela tiden kn\u00e5par de p\u00e5 sina inl\u00e4gg och historier. Ber\u00e4ttar om gl\u00e4djen med Tr\u00e4dg\u00e5rden, Hunden, Rallysporten, De Gamla Goa Gitarrhj\u00e4ltarna Fr\u00e5n 1970-talet, Naturen, Fisket, F\u00e5gelsk\u00e5dningen, L\u00f6pningen, Sl\u00e4ktforskningen, Cyklingen och De Sm\u00e5. Eller vad det nu \u00e4r som just de brinner f\u00f6r.<\/p>\n<p>Jag sj\u00e4lv \u00e4r likadan. Orden finns d\u00e4r, bakom tangenterna. De br\u00e5kar och b\u00f6kar och g\u00f6r en skrynklig i pannan men ocks\u00e5 glad. H\u00f6r, nu ropar de och vill ut. De vill tr\u00e4ffa folk.<\/p>\n<p><strong>F\u00f6rsta steget mot l\u00f6sningen<br \/>\n<\/strong>Det \u00e4r klart att det \u00e4r sj\u00e4lvhj\u00e4lp vi sysslar med. F\u00f6rst och fr\u00e4mst \u00e4r det alltid f\u00f6r mig sj\u00e4lv jag skriver. Orden pockar &#8211; men n\u00e4r de g\u00f6r det hj\u00e4lper de mig att t\u00e4nka klarare. Ska du l\u00f6sa ett problem \u00e4r f\u00f6rsta steget alltid att formulera det.<\/p>\n<p style=\"padding-left: 30px;\">Ja, vi har fr\u00e4mlingsfientlighet bland folk som k\u00e4nner sig or\u00e4ttvist behandlade. N\u00e5, s\u00e5 l\u00e5t oss g\u00f6ra Sverige r\u00e4ttvisare igen.<\/p>\n<p style=\"padding-left: 30px;\">Ja, klimatet \u00e4r p\u00e5 v\u00e4g \u00e5t v\u00e4rsta heta helvetet. Juli var varmast i v\u00e4rlden sedan 1880. N\u00e5, s\u00e5 l\u00e5t oss flyga mindre och st\u00e4lla bilen hemma oftare.<\/p>\n<p style=\"padding-left: 30px;\">Ja, vi har h\u00f6gt blodtryck i sl\u00e4kten. N\u00e5, 5:2 fungerar bevisligen och l\u00f6pningen \u00e4r ett n\u00f6je.<\/p>\n<p><strong>Optimist?<br \/>\n<\/strong>Det \u00e4r sj\u00e4lvhj\u00e4lpsber\u00e4ttelser vi skriver hela tiden, varenda en av oss. Bara det att vi skriver \u00e4r ren och sk\u00e4r optimism.<\/p>\n<p><a href=\"https:\/\/sven-ove.nu\/wp-content\/uploads\/2015\/08\/F\u00e4rgglatt.jpg\"><img loading=\"lazy\" decoding=\"async\" class=\"alignright size-thumbnail wp-image-12780\" src=\"https:\/\/sven-ove.nu\/wp-content\/uploads\/2015\/08\/F\u00e4rgglatt-150x150.jpg\" alt=\"F\u00e4rgglatt\" width=\"150\" height=\"150\" \/><\/a>R\u00f6d optimism i mitt fall.<br \/>\nTrivs.<\/p>\n","protected":false},"excerpt":{"rendered":"<p>Det \u00e4r klart det \u00e4r sj\u00e4lvhj\u00e4lp vi h\u00e5ller p\u00e5 med. Varf\u00f6r har jag inte f\u00f6rst\u00e5tt det f\u00f6rut? Asch, det har jag. Jag har bara inte fattat det fullt ut. S\u00e5h\u00e4r \u00e4r det. Jag brukar sluta en viss typ av Facebookinl\u00e4gg med det anv\u00e4ndbara ordet &#8221;Trivs&#8221;. Mest f\u00f6r att det \u00e4r sant, jag m\u00e5r ofta g\u00f4tt. &hellip; <a href=\"https:\/\/sven-ove.nu\/?p=12773\" class=\"more-link\">Forts\u00e4tt l\u00e4sa <span class=\"screen-reader-text\">Sj\u00e4lvhj\u00e4lpsf\u00f6rfattare \u00e4r vi allihop<\/span><\/a><\/p>\n","protected":false},"author":1,"featured_media":12780,"comment_status":"open","ping_status":"open","sticky":false,"template":"","format":"standard","meta":{"_crdt_document":"","_monsterinsights_skip_tracking":false,"_monsterinsights_sitenote_active":false,"_monsterinsights_sitenote_note":"","_monsterinsights_sitenote_category":0,"footnotes":""},"categories":[28,4],"tags":[24,18,15,21],"class_list":["post-12773","post","type-post","status-publish","format-standard","has-post-thumbnail","hentry","category-kreativt-folk","category-skrivande","tag-karlek","tag-lardomar","tag-mediedjungeln","tag-ord"],"_links":{"self":[{"href":"https:\/\/sven-ove.nu\/index.php?rest_route=\/wp\/v2\/posts\/12773","targetHints":{"allow":["GET"]}}],"collection":[{"href":"https:\/\/sven-ove.nu\/index.php?rest_route=\/wp\/v2\/posts"}],"about":[{"href":"https:\/\/sven-ove.nu\/index.php?rest_route=\/wp\/v2\/types\/post"}],"author":[{"embeddable":true,"href":"https:\/\/sven-ove.nu\/index.php?rest_route=\/wp\/v2\/users\/1"}],"replies":[{"embeddable":true,"href":"https:\/\/sven-ove.nu\/index.php?rest_route=%2Fwp%2Fv2%2Fcomments&post=12773"}],"version-history":[{"count":9,"href":"https:\/\/sven-ove.nu\/index.php?rest_route=\/wp\/v2\/posts\/12773\/revisions"}],"predecessor-version":[{"id":12783,"href":"https:\/\/sven-ove.nu\/index.php?rest_route=\/wp\/v2\/posts\/12773\/revisions\/12783"}],"wp:featuredmedia":[{"embeddable":true,"href":"https:\/\/sven-ove.nu\/index.php?rest_route=\/wp\/v2\/media\/12780"}],"wp:attachment":[{"href":"https:\/\/sven-ove.nu\/index.php?rest_route=%2Fwp%2Fv2%2Fmedia&parent=12773"}],"wp:term":[{"taxonomy":"category","embeddable":true,"href":"https:\/\/sven-ove.nu\/index.php?rest_route=%2Fwp%2Fv2%2Fcategories&post=12773"},{"taxonomy":"post_tag","embeddable":true,"href":"https:\/\/sven-ove.nu\/index.php?rest_route=%2Fwp%2Fv2%2Ftags&post=12773"}],"curies":[{"name":"wp","href":"https:\/\/api.w.org\/{rel}","templated":true}]}}