{"id":12784,"date":"2015-08-22T03:00:53","date_gmt":"2015-08-22T02:00:53","guid":{"rendered":"http:\/\/sven-ove.nu\/?p=12784"},"modified":"2015-08-21T18:02:30","modified_gmt":"2015-08-21T17:02:30","slug":"det-stora-europeiska-missmodet","status":"publish","type":"post","link":"https:\/\/sven-ove.nu\/?p=12784","title":{"rendered":"Det stora europeiska missmodet"},"content":{"rendered":"<p>L\u00e4ser en <span style=\"color: #ff0000;\"><a style=\"color: #ff0000;\" href=\"http:\/\/www.vf.se\/asikter\/debatt\/kulturupprustning-\u2013-en-uppgift-riksteatern\" target=\"_blank\">debattartikel i V\u00e4rmlands Folkblad<\/a><\/span> fr\u00e5n Riksteatern V\u00e4rmland. Leif Persson och Lars H\u00e5kansson skriver klokt om bildningens och kulturens betydelse som f\u00f6r\u00e4ndringskraft. En roll som f\u00f6ruts\u00e4tter att alla har tillg\u00e5ng till kulturella uttryck och m\u00f6ten, skriver de.<\/p>\n<p>Det \u00e4r bra nog. Men en formulering i artikeln biter sig s\u00e4rskilt fast i mitt sinne. Nu breder v\u00e5r tids stora folkh\u00e4lsoproblem ut sig, ofta med f\u00e4ste i miljonprogrammen, skriver de. Missmodet.<\/p>\n<p>Naturligtvis. Precis s\u00e5 \u00e4r det i Sverige i dag. En halvtimme innan har jag varit inne i den butik som byggts p\u00e5 platsen f\u00f6r v\u00e5r forna j\u00e4rnv\u00e4gsstation i Forshaga. Nu g\u00e5r inga t\u00e5g h\u00e4r, banan \u00e4r asfalterad till motion\u00e4rernas gl\u00e4dje och i st\u00e4llet f\u00f6r stationen fick vi en Systembutik. N\u00e4r jag plockar min vinbutelj h\u00f6rs en man i ena kassak\u00f6n ropa ut sin syn \u00f6ver hela butiken.<\/p>\n<p><em>&#8211; G\u00e5r en ut p\u00e5 gata&#8217; s\u00e5 nog st\u00e5r d\u00e4 en n-g-r d\u00e4r, gapar han. \u00c5 i n\u00e4ste h\u00f6rn en kines. D\u00e4 f\u00f6r j\u00e4vvlitt.<\/em><\/p>\n<p>\u00d6len han k\u00f6per \u00e4r tysk, kl\u00e4derna han b\u00e4r \u00e4r sydda i Sydostasien, joggingskorna i Kina och sj\u00e4lv stammar han som vi alla fr\u00e5n Afrika. Det \u00e4r bara det att ingen har ber\u00e4ttat det f\u00f6r honom.<\/p>\n<p><strong>Kroppen skakar<br \/>\n<\/strong>Jag r\u00e4knar till hundra tre g\u00e5nger och g\u00e5r inte till kassan f\u00f6rr\u00e4n han f\u00f6rsvunnit. Fegt av mig &#8211; men hans armar \u00e4r dubbelt s\u00e5 muskul\u00f6sa som mina kontorsarmar och hans kompis har gjort honom fly f\u00f6rbaskad. Efter\u00e5t sitter den fr\u00e4mlingsfientlige p\u00e5 en parkb\u00e4nk en bit bort och halsar sin tysk\u00f6l med n\u00e5gra v\u00e4nner n\u00e4r jag tittar ont.<\/p>\n<p>Jag borde inte ha tigit. Efter\u00e5t \u00e4r jag uppr\u00f6rd en l\u00e5ng stund. Kroppen skakar som n\u00e4r hum\u00f6ret \u00e4r p\u00e5 v\u00e4g att brista. S\u00e5 mycken missriktad vrede, s\u00e5 mycken kortsynthet. Vet du inte att det var flera kilometer inlandsis \u00f6ver Esplanaden i Forshaga en g\u00e5ng? Vet du inte att vi \u00e4r invandrare allihop? Vem tror du byggde V\u00e4rmland om inte v\u00e4stg\u00f6tar, norskar, finnar, valloner och i dag holl\u00e4ndare och folk fr\u00e5n en rad nationer utomlands? Det \u00e4r de och deras \u00e4ttlingar som kommer att se till att v\u00e5ra barn f\u00e5r n\u00e5gon pension en g\u00e5ng. De ocks\u00e5. Invandringen har alltid varit v\u00e4lkommen, om vi har n\u00e5got folkvett och n\u00e5gon g\u00e4stfrihet i kroppen, det kallas humanism. Dessutom l\u00f6nar den sig ekonomiskt. P\u00e5 sikt l\u00f6nar sig invandringen alltid.<\/p>\n<p>Som om g\u00e4stfrihet mot beh\u00f6vande handlade om pengar, det g\u00f6r den inte. Hur \u00e4r det vi sjunger i barnvisan? <em>Hj\u00e4lp ack hj\u00e4lp ack hj\u00e4lp du mig, annars skjuter j\u00e4garn mig. Kom ja kom i stugan in. R\u00e4ck mig handen din.<\/em> Vackrare kan det inte s\u00e4gas.<\/p>\n<p><strong>G\u00e4stfrihet men krav p\u00e5 Europa<br \/>\n<\/strong>Vi l\u00e4mnar den arge p\u00e5 sin parkb\u00e4nk nu. Problemet \u00e4r att han inte \u00e4r ensam om sin inskr\u00e4nkta fientlighet. \u00c4ven om vi vet att Yougovs opinionsunders\u00f6kning nyss byggde p\u00e5 frivilligt deltagande (suck) s\u00e5 \u00e4r Sverigedemokraternas framg\u00e5ngar alarmerande.<\/p>\n<p>L\u00f6sningen \u00e4r inte enkel. Den stavas fortsatt g\u00e4stfrihet men med krav p\u00e5 hela Europa att ta sitt ansvar f\u00f6r de som flyr fr\u00e5n krig, fattigdom och f\u00f6rtryck. Den stavas krav p\u00e5 Rum\u00e4nien och andra l\u00e4nder att l\u00f6sa situationen f\u00f6r sina romer d\u00e4r hemma, och under tiden fortsatta tjugor i pappmuggarna fr\u00e5n oss som vet att vi hade tiggare sj\u00e4lva i s\u00f6dra V\u00e4rmland f\u00f6r bara fem generationer sedan. V\u00e5ra sl\u00e4ktingar. Eller \u00e4r det fyra generationer sedan? Jag kan i varje fall inte g\u00e5 f\u00f6rbi den d\u00e4r utsatta medm\u00e4nniskan tomh\u00e4nt varje g\u00e5ng.<\/p>\n<p>En annan del i l\u00f6sningen handlar om att vi m\u00e5ste f\u00e5 tillbaka visionen om ett r\u00e4ttvist v\u00e4lf\u00e4rdssamh\u00e4lle med arbete \u00e5t alla. Uppgifterna finns ju d\u00e4r och beh\u00f6ver l\u00f6sas. N\u00e5, s\u00e5 s\u00e4tt v\u00e5ra v\u00e4lkomna nyanl\u00e4nda att utf\u00f6ra dem tills de f\u00e5r de arbeten m\u00e5nga av dem \u00e4r utbildade f\u00f6r. Hur sv\u00e5rt kan det vara?<\/p>\n<p><strong>Arbete, v\u00e4lf\u00e4rd, integration<br \/>\n<\/strong>S\u00e5 m\u00e5ste vi t\u00e4nka. S\u00e5 m\u00e5ste v\u00e5ra politiker t\u00e4nka. Arbete, v\u00e4lf\u00e4rd, b\u00e4ttre integration. D\u00e5 f\u00f6rst l\u00f6ser vi det europeiska missmodet av \u00e5r 2015. L\u00e4tt blir det inte. Men f\u00e5r jag v\u00e4lja mellan framtidstro, gemenskap och solidaritet &#8211; eller missmod och missriktad fr\u00e4mlingsfientlighet &#8211; d\u00e5 vet i varje fall jag vad jag v\u00e4ljer.<\/p>\n<p>Varje dag v\u00e4ljer jag framtiden och medm\u00e4nskligheten. Dem m\u00e5ste vi ha f\u00f6rv\u00e4ntningar p\u00e5, det blir det stora paradigmskiftet. Vi m\u00e5ste b\u00f6rja tro och hoppas igen. P\u00e5 v\u00e4gen dit har kulturen en nyckelroll, d\u00e4ri har Leif Persson och Lars H\u00e5kansson alldeles r\u00e4tt.<\/p>\n<p>Ge den resurser till det.<a href=\"https:\/\/sven-ove.nu\/wp-content\/uploads\/2015\/08\/Karlstad-hj\u00e4rta-K\u00e4rrtorp.jpg\"><img loading=\"lazy\" decoding=\"async\" class=\"alignright size-thumbnail wp-image-12787\" src=\"https:\/\/sven-ove.nu\/wp-content\/uploads\/2015\/08\/Karlstad-hj\u00e4rta-K\u00e4rrtorp-150x150.jpg\" alt=\"Karlstad hj\u00e4rta K\u00e4rrtorp\" width=\"150\" height=\"150\" \/><\/a><\/p>\n","protected":false},"excerpt":{"rendered":"<p>L\u00e4ser en debattartikel i V\u00e4rmlands Folkblad fr\u00e5n Riksteatern V\u00e4rmland. Leif Persson och Lars H\u00e5kansson skriver klokt om bildningens och kulturens betydelse som f\u00f6r\u00e4ndringskraft. En roll som f\u00f6ruts\u00e4tter att alla har tillg\u00e5ng till kulturella uttryck och m\u00f6ten, skriver de. Det \u00e4r bra nog. Men en formulering i artikeln biter sig s\u00e4rskilt fast i mitt sinne. Nu &hellip; <a href=\"https:\/\/sven-ove.nu\/?p=12784\" class=\"more-link\">Forts\u00e4tt l\u00e4sa <span class=\"screen-reader-text\">Det stora europeiska missmodet<\/span><\/a><\/p>\n","protected":false},"author":1,"featured_media":12787,"comment_status":"open","ping_status":"open","sticky":false,"template":"","format":"standard","meta":{"_crdt_document":"","_monsterinsights_skip_tracking":false,"_monsterinsights_sitenote_active":false,"_monsterinsights_sitenote_note":"","_monsterinsights_sitenote_category":0,"footnotes":""},"categories":[28,9],"tags":[3,8,24,14,20,17],"class_list":["post-12784","post","type-post","status-publish","format-standard","has-post-thumbnail","hentry","category-kreativt-folk","category-politik","tag-arbete","tag-historia","tag-karlek","tag-lasning","tag-rad","tag-solidaritet"],"_links":{"self":[{"href":"https:\/\/sven-ove.nu\/index.php?rest_route=\/wp\/v2\/posts\/12784","targetHints":{"allow":["GET"]}}],"collection":[{"href":"https:\/\/sven-ove.nu\/index.php?rest_route=\/wp\/v2\/posts"}],"about":[{"href":"https:\/\/sven-ove.nu\/index.php?rest_route=\/wp\/v2\/types\/post"}],"author":[{"embeddable":true,"href":"https:\/\/sven-ove.nu\/index.php?rest_route=\/wp\/v2\/users\/1"}],"replies":[{"embeddable":true,"href":"https:\/\/sven-ove.nu\/index.php?rest_route=%2Fwp%2Fv2%2Fcomments&post=12784"}],"version-history":[{"count":6,"href":"https:\/\/sven-ove.nu\/index.php?rest_route=\/wp\/v2\/posts\/12784\/revisions"}],"predecessor-version":[{"id":12791,"href":"https:\/\/sven-ove.nu\/index.php?rest_route=\/wp\/v2\/posts\/12784\/revisions\/12791"}],"wp:featuredmedia":[{"embeddable":true,"href":"https:\/\/sven-ove.nu\/index.php?rest_route=\/wp\/v2\/media\/12787"}],"wp:attachment":[{"href":"https:\/\/sven-ove.nu\/index.php?rest_route=%2Fwp%2Fv2%2Fmedia&parent=12784"}],"wp:term":[{"taxonomy":"category","embeddable":true,"href":"https:\/\/sven-ove.nu\/index.php?rest_route=%2Fwp%2Fv2%2Fcategories&post=12784"},{"taxonomy":"post_tag","embeddable":true,"href":"https:\/\/sven-ove.nu\/index.php?rest_route=%2Fwp%2Fv2%2Ftags&post=12784"}],"curies":[{"name":"wp","href":"https:\/\/api.w.org\/{rel}","templated":true}]}}