{"id":12820,"date":"2015-08-27T03:00:25","date_gmt":"2015-08-27T02:00:25","guid":{"rendered":"http:\/\/sven-ove.nu\/?p=12820"},"modified":"2015-08-26T19:15:54","modified_gmt":"2015-08-26T18:15:54","slug":"guld-upp-till-hakan","status":"publish","type":"post","link":"https:\/\/sven-ove.nu\/?p=12820","title":{"rendered":"Guld upp till hakan"},"content":{"rendered":"<p><a href=\"https:\/\/sven-ove.nu\/wp-content\/uploads\/2015\/08\/En-bl\u00e5.jpg\"><img loading=\"lazy\" decoding=\"async\" class=\"alignright size-large wp-image-12823\" src=\"https:\/\/sven-ove.nu\/wp-content\/uploads\/2015\/08\/En-bl\u00e5-688x1024.jpg\" alt=\"En bl\u00e5\" width=\"660\" height=\"982\" srcset=\"https:\/\/sven-ove.nu\/wp-content\/uploads\/2015\/08\/En-bl\u00e5-688x1024.jpg 688w, https:\/\/sven-ove.nu\/wp-content\/uploads\/2015\/08\/En-bl\u00e5-202x300.jpg 202w, https:\/\/sven-ove.nu\/wp-content\/uploads\/2015\/08\/En-bl\u00e5.jpg 1097w\" sizes=\"auto, (max-width: 660px) 100vw, 660px\" \/><\/a><\/p>\n<p>Prinsen bes\u00f6ker V\u00e4rmland, f\u00f6r h\u00e4r \u00e4r han hertig. En g\u00e5ng skojade jag med hans talekonst. Det var dumt gjort, av en som inte f\u00f6ljer fj\u00e4skpress och inte l\u00e4ser mer seri\u00f6sa artiklar heller, om vilka av svenska folkets avl\u00f6nade k\u00e4ndisar som lider av l\u00e4s- och skrivsv\u00e5righeter.<\/p>\n<p>Nu \u00e4r han h\u00e4r och nyss h\u00f6ll han ett invigningstal som fungerade i radion. Vem \u00e4r jag att g\u00f6ra narr av s\u00e5dant?<\/p>\n<p><span style=\"color: #000000;\"><strong>St\u00f4lpjakt blir bra<br \/>\n<\/strong><\/span>Mitt kommunalr\u00e5d hr Peders\u00e9n \u00e4r modernt lagd och fr\u00e5gar p\u00e5 Facebook vad han ska locka prinsen med, f\u00f6r att f\u00e5 honom att bes\u00f6ka Forshaga? Mitt svar \u00e4r enkelt. (Om karln nu absolut m\u00e5ste hit). Skicka honom p\u00e5 stolpjakt i Friska Forshaga-satsningen. Etappen vid Aborrtj\u00e4rn har premi\u00e4r p\u00e5 l\u00f6rdag och allemansr\u00e4tten g\u00e4ller \u00e4ven Carl Ph.<\/p>\n<p>Kartan kostar 20 kronor p\u00e5 OKQ8. Det har han r\u00e5d med.<\/p>\n<p>S\u00e5 kan fj\u00e4skpressen ta bild p\u00e5 honom med gull \u2026ris till hakan.<br \/>\nDet har <span style=\"text-decoration: underline;\">vi<\/span> r\u00e5d med.<\/p>\n<p><em><strong><span style=\"color: #00ccff;\">###<\/span>\u00a0<\/strong>Hur var det tidskriften Blandaren skrev en g\u00e5ng:<br \/>\n<\/em><em><span style=\"color: #00ccff;\"><strong>###<\/strong><\/span> \u201dDet \u00e4r inte monarkin som s\u00e5dan jag \u00e4r emot, det \u00e4r kungen personligen\u201d.<br \/>\n<\/em><em><span style=\"color: #00ccff;\"><strong>###<\/strong><\/span> Sj\u00e4lv \u00e4r jag inte emot statschefer men d\u00e4remot att de utses genom friktion i mor sins s\u00e4nghalm.<\/em><\/p>\n<p>&nbsp;<\/p>\n","protected":false},"excerpt":{"rendered":"<p>Prinsen bes\u00f6ker V\u00e4rmland, f\u00f6r h\u00e4r \u00e4r han hertig. En g\u00e5ng skojade jag med hans talekonst. Det var dumt gjort, av en som inte f\u00f6ljer fj\u00e4skpress och inte l\u00e4ser mer seri\u00f6sa artiklar heller, om vilka av svenska folkets avl\u00f6nade k\u00e4ndisar som lider av l\u00e4s- och skrivsv\u00e5righeter. Nu \u00e4r han h\u00e4r och nyss h\u00f6ll han ett invigningstal &hellip; <a href=\"https:\/\/sven-ove.nu\/?p=12820\" class=\"more-link\">Forts\u00e4tt l\u00e4sa <span class=\"screen-reader-text\">Guld upp till hakan<\/span><\/a><\/p>\n","protected":false},"author":1,"featured_media":0,"comment_status":"open","ping_status":"open","sticky":false,"template":"","format":"standard","meta":{"_crdt_document":"","_monsterinsights_skip_tracking":false,"_monsterinsights_sitenote_active":false,"_monsterinsights_sitenote_note":"","_monsterinsights_sitenote_category":0,"footnotes":""},"categories":[9],"tags":[16,15,12],"class_list":["post-12820","post","type-post","status-publish","format-standard","hentry","category-politik","tag-dumheter","tag-mediedjungeln","tag-orientering"],"_links":{"self":[{"href":"https:\/\/sven-ove.nu\/index.php?rest_route=\/wp\/v2\/posts\/12820","targetHints":{"allow":["GET"]}}],"collection":[{"href":"https:\/\/sven-ove.nu\/index.php?rest_route=\/wp\/v2\/posts"}],"about":[{"href":"https:\/\/sven-ove.nu\/index.php?rest_route=\/wp\/v2\/types\/post"}],"author":[{"embeddable":true,"href":"https:\/\/sven-ove.nu\/index.php?rest_route=\/wp\/v2\/users\/1"}],"replies":[{"embeddable":true,"href":"https:\/\/sven-ove.nu\/index.php?rest_route=%2Fwp%2Fv2%2Fcomments&post=12820"}],"version-history":[{"count":8,"href":"https:\/\/sven-ove.nu\/index.php?rest_route=\/wp\/v2\/posts\/12820\/revisions"}],"predecessor-version":[{"id":12829,"href":"https:\/\/sven-ove.nu\/index.php?rest_route=\/wp\/v2\/posts\/12820\/revisions\/12829"}],"wp:attachment":[{"href":"https:\/\/sven-ove.nu\/index.php?rest_route=%2Fwp%2Fv2%2Fmedia&parent=12820"}],"wp:term":[{"taxonomy":"category","embeddable":true,"href":"https:\/\/sven-ove.nu\/index.php?rest_route=%2Fwp%2Fv2%2Fcategories&post=12820"},{"taxonomy":"post_tag","embeddable":true,"href":"https:\/\/sven-ove.nu\/index.php?rest_route=%2Fwp%2Fv2%2Ftags&post=12820"}],"curies":[{"name":"wp","href":"https:\/\/api.w.org\/{rel}","templated":true}]}}