{"id":1283,"date":"2012-02-23T06:00:23","date_gmt":"2012-02-23T05:00:23","guid":{"rendered":"http:\/\/sven-ove.nu\/?p=1283"},"modified":"2012-02-22T21:06:24","modified_gmt":"2012-02-22T20:06:24","slug":"fororten-efter-lasande-av-boken-om-zlatan","status":"publish","type":"post","link":"https:\/\/sven-ove.nu\/?p=1283","title":{"rendered":"F\u00f6rorten? Efter l\u00e4sande av boken om Zlatan"},"content":{"rendered":"<p>Nej, jag \u00e4r inte fr\u00e5n f\u00f6rorten. Jag \u00e4r fr\u00e5n f\u00f6re f\u00f6rorten.<\/p>\n<p>Ni hade ju asfalt och kiosk, hiss och sopnedkast. Vi hade grusv\u00e4g, tr\u00e4trappa och storspov. Inte en enda m\u00e4nniska snodde n\u00e5gra cyklar. Vi ville inte, men det skulle \u00e4nd\u00e5 inte ha g\u00e5tt. Grannarna k\u00e4nde igen dem. Hur skulle vi ha kunnat knycka andratr\u00e4narens cykel? Vi hade ingen f\u00f6rstatr\u00e4nare ens.<\/p>\n<p>Men storspov, gott om storspov.<\/p>\n<p>&nbsp;<\/p>\n","protected":false},"excerpt":{"rendered":"<p>Nej, jag \u00e4r inte fr\u00e5n f\u00f6rorten. Jag \u00e4r fr\u00e5n f\u00f6re f\u00f6rorten. Ni hade ju asfalt och kiosk, hiss och sopnedkast. Vi hade grusv\u00e4g, tr\u00e4trappa och storspov. Inte en enda m\u00e4nniska snodde n\u00e5gra cyklar. Vi ville inte, men det skulle \u00e4nd\u00e5 inte ha g\u00e5tt. Grannarna k\u00e4nde igen dem. Hur skulle vi ha kunnat knycka andratr\u00e4narens cykel? &hellip; <a href=\"https:\/\/sven-ove.nu\/?p=1283\" class=\"more-link\">Forts\u00e4tt l\u00e4sa <span class=\"screen-reader-text\">F\u00f6rorten? Efter l\u00e4sande av boken om Zlatan<\/span><\/a><\/p>\n","protected":false},"author":1,"featured_media":0,"comment_status":"open","ping_status":"open","sticky":false,"template":"","format":"standard","meta":{"_crdt_document":"","_monsterinsights_skip_tracking":false,"_monsterinsights_sitenote_active":false,"_monsterinsights_sitenote_note":"","_monsterinsights_sitenote_category":0,"footnotes":""},"categories":[10,6],"tags":[8,14],"class_list":["post-1283","post","type-post","status-publish","format-standard","hentry","category-familjen","category-natur","tag-historia","tag-lasning"],"_links":{"self":[{"href":"https:\/\/sven-ove.nu\/index.php?rest_route=\/wp\/v2\/posts\/1283","targetHints":{"allow":["GET"]}}],"collection":[{"href":"https:\/\/sven-ove.nu\/index.php?rest_route=\/wp\/v2\/posts"}],"about":[{"href":"https:\/\/sven-ove.nu\/index.php?rest_route=\/wp\/v2\/types\/post"}],"author":[{"embeddable":true,"href":"https:\/\/sven-ove.nu\/index.php?rest_route=\/wp\/v2\/users\/1"}],"replies":[{"embeddable":true,"href":"https:\/\/sven-ove.nu\/index.php?rest_route=%2Fwp%2Fv2%2Fcomments&post=1283"}],"version-history":[{"count":3,"href":"https:\/\/sven-ove.nu\/index.php?rest_route=\/wp\/v2\/posts\/1283\/revisions"}],"predecessor-version":[{"id":1285,"href":"https:\/\/sven-ove.nu\/index.php?rest_route=\/wp\/v2\/posts\/1283\/revisions\/1285"}],"wp:attachment":[{"href":"https:\/\/sven-ove.nu\/index.php?rest_route=%2Fwp%2Fv2%2Fmedia&parent=1283"}],"wp:term":[{"taxonomy":"category","embeddable":true,"href":"https:\/\/sven-ove.nu\/index.php?rest_route=%2Fwp%2Fv2%2Fcategories&post=1283"},{"taxonomy":"post_tag","embeddable":true,"href":"https:\/\/sven-ove.nu\/index.php?rest_route=%2Fwp%2Fv2%2Ftags&post=1283"}],"curies":[{"name":"wp","href":"https:\/\/api.w.org\/{rel}","templated":true}]}}