{"id":12832,"date":"2015-08-31T03:00:45","date_gmt":"2015-08-31T02:00:45","guid":{"rendered":"http:\/\/sven-ove.nu\/?p=12832"},"modified":"2015-08-30T16:44:46","modified_gmt":"2015-08-30T15:44:46","slug":"finner-tiden-i-en-fyndlada","status":"publish","type":"post","link":"https:\/\/sven-ove.nu\/?p=12832","title":{"rendered":"Finner tiden i en fyndl\u00e5da"},"content":{"rendered":"<p>Firar v\u00e5r 30-\u00e5ring. Tanken sl\u00e5r mig att det m\u00e5ste r\u00e4knas som vuxenvarning f\u00f6r oss b\u00e5da. Sjunger vaggvisan vi hittade p\u00e5 n\u00e4r hon var ett halv\u00e5r. F\u00f6rsta g\u00e5ngen jag sjunger solo inf\u00f6r publik?<\/p>\n<p>Tar den tv\u00e5 g\u00e5nger. Jag ska l\u00e4ra mig.<\/p>\n<p>N\u00e4r t\u00e5rtan b\u00e4rs in har t\u00e5rtfixarna hittat 3:an i en l\u00e5da. T\u00e5rtljuset som vi gl\u00f6mde s\u00e4tta dit n\u00e4r hon fyllde tre.<\/p>\n<p><a href=\"https:\/\/sven-ove.nu\/wp-content\/uploads\/2015\/08\/Trean.jpg\"><img loading=\"lazy\" decoding=\"async\" class=\"alignright size-thumbnail wp-image-12834\" src=\"https:\/\/sven-ove.nu\/wp-content\/uploads\/2015\/08\/Trean-150x150.jpg\" alt=\"Trean\" width=\"150\" height=\"150\" \/><\/a>Tiden g\u00e5r inte.<br \/>\nDen ligger i en fyndl\u00e5da och v\u00e4ntar.<\/p>\n","protected":false},"excerpt":{"rendered":"<p>Firar v\u00e5r 30-\u00e5ring. Tanken sl\u00e5r mig att det m\u00e5ste r\u00e4knas som vuxenvarning f\u00f6r oss b\u00e5da. Sjunger vaggvisan vi hittade p\u00e5 n\u00e4r hon var ett halv\u00e5r. F\u00f6rsta g\u00e5ngen jag sjunger solo inf\u00f6r publik? Tar den tv\u00e5 g\u00e5nger. Jag ska l\u00e4ra mig. N\u00e4r t\u00e5rtan b\u00e4rs in har t\u00e5rtfixarna hittat 3:an i en l\u00e5da. T\u00e5rtljuset som vi gl\u00f6mde &hellip; <a href=\"https:\/\/sven-ove.nu\/?p=12832\" class=\"more-link\">Forts\u00e4tt l\u00e4sa <span class=\"screen-reader-text\">Finner tiden i en fyndl\u00e5da<\/span><\/a><\/p>\n","protected":false},"author":1,"featured_media":0,"comment_status":"open","ping_status":"open","sticky":false,"template":"","format":"standard","meta":{"_crdt_document":"","_monsterinsights_skip_tracking":false,"_monsterinsights_sitenote_active":false,"_monsterinsights_sitenote_note":"","_monsterinsights_sitenote_category":0,"footnotes":""},"categories":[10],"tags":[8,24],"class_list":["post-12832","post","type-post","status-publish","format-standard","hentry","category-familjen","tag-historia","tag-karlek"],"_links":{"self":[{"href":"https:\/\/sven-ove.nu\/index.php?rest_route=\/wp\/v2\/posts\/12832","targetHints":{"allow":["GET"]}}],"collection":[{"href":"https:\/\/sven-ove.nu\/index.php?rest_route=\/wp\/v2\/posts"}],"about":[{"href":"https:\/\/sven-ove.nu\/index.php?rest_route=\/wp\/v2\/types\/post"}],"author":[{"embeddable":true,"href":"https:\/\/sven-ove.nu\/index.php?rest_route=\/wp\/v2\/users\/1"}],"replies":[{"embeddable":true,"href":"https:\/\/sven-ove.nu\/index.php?rest_route=%2Fwp%2Fv2%2Fcomments&post=12832"}],"version-history":[{"count":2,"href":"https:\/\/sven-ove.nu\/index.php?rest_route=\/wp\/v2\/posts\/12832\/revisions"}],"predecessor-version":[{"id":12835,"href":"https:\/\/sven-ove.nu\/index.php?rest_route=\/wp\/v2\/posts\/12832\/revisions\/12835"}],"wp:attachment":[{"href":"https:\/\/sven-ove.nu\/index.php?rest_route=%2Fwp%2Fv2%2Fmedia&parent=12832"}],"wp:term":[{"taxonomy":"category","embeddable":true,"href":"https:\/\/sven-ove.nu\/index.php?rest_route=%2Fwp%2Fv2%2Fcategories&post=12832"},{"taxonomy":"post_tag","embeddable":true,"href":"https:\/\/sven-ove.nu\/index.php?rest_route=%2Fwp%2Fv2%2Ftags&post=12832"}],"curies":[{"name":"wp","href":"https:\/\/api.w.org\/{rel}","templated":true}]}}