{"id":12836,"date":"2015-09-02T03:00:18","date_gmt":"2015-09-02T02:00:18","guid":{"rendered":"http:\/\/sven-ove.nu\/?p=12836"},"modified":"2015-09-01T13:48:43","modified_gmt":"2015-09-01T12:48:43","slug":"nar-kan-vi-borja-renoveringen","status":"publish","type":"post","link":"https:\/\/sven-ove.nu\/?p=12836","title":{"rendered":"N\u00e4r kan vi b\u00f6rja renoveringen?"},"content":{"rendered":"<p><a href=\"https:\/\/sven-ove.nu\/wp-content\/uploads\/2015\/09\/Fj\u00e4ril-p\u00e5-betong.jpg\"><img loading=\"lazy\" decoding=\"async\" class=\"alignright size-full wp-image-12845\" src=\"https:\/\/sven-ove.nu\/wp-content\/uploads\/2015\/09\/Fj\u00e4ril-p\u00e5-betong.jpg\" alt=\"Fj\u00e4ril p\u00e5 betong\" width=\"768\" height=\"500\" srcset=\"https:\/\/sven-ove.nu\/wp-content\/uploads\/2015\/09\/Fj\u00e4ril-p\u00e5-betong.jpg 768w, https:\/\/sven-ove.nu\/wp-content\/uploads\/2015\/09\/Fj\u00e4ril-p\u00e5-betong-300x195.jpg 300w\" sizes=\"auto, (max-width: 768px) 100vw, 768px\" \/><\/a><\/p>\n<p>Min socialism har best\u00e4mt sig f\u00f6r att l\u00e5ta individen vara individ, f\u00f6r d\u00e5 blir hela gruppen starkare.<\/p>\n<p>Min socialism tycker om individer, s\u00e4rskilt s\u00e5dana som ser n\u00e5gra meter bortanf\u00f6r den egna n\u00e4san. G\u00e4rna kilometer eller mil.<\/p>\n<p>Min socialism k\u00e4nner v\u00e4l till att gruppen du bryr dig om kan v\u00e4xa fort och fint om ni bara vill. Du kan bry dig om m\u00e5nga. En dag kan ni vara jordklotets vackraste allihopakram, produktionsenhet och samtalsgrupp tillsammans, fast ni \u00e4r s\u00e5 olika. Det handlar om respekt. L\u00e5t ringen v\u00e4xa.<\/p>\n<p>Ibland beh\u00f6ver de sk\u00e4rpa sig och det beh\u00f6ver du med. Ni \u00e4r bara m\u00e4nniskor. Ibland g\u00e5r det hur l\u00e4tt som helst. Respekt.<\/p>\n<p>Min socialism hatar djupa klyftor och or\u00e4ttvisor, h\u00f6ga h\u00f6jder g\u00f6r aldrig nytta i ett land. M\u00e5ste fattigdomen finnas b\u00f6r den delas lika men b\u00e4st \u00e4r n\u00e4r vi utrotar den.<\/p>\n<p>Min socialism gillar tidningar, g\u00e4rna ettriga redaktioner som skrattar ibland men h\u00e5ller koll. Radio och tv ska inte vara tr\u00f6tta diskjockeys och smilande f\u00f6rdummare. Till det beh\u00f6ver de v\u00e5r hj\u00e4lp. St\u00e4ll krav p\u00e5 klokhet och professionalitet. Vi har r\u00e4tt att f\u00e5 veta hur pengarna kommer och g\u00e5r.<\/p>\n<p>Den som \u00e4r r\u00e4tt vaggad, sj\u00e4lvst\u00e4ndigt fostrad och klokt lagd efterfr\u00e5gar inte dumheter p\u00e5 burk.<\/p>\n<p>Skratta vill vi. Skratt som vet vad det vill och inte h\u00e5nar andra folk. &#8221;Hudf\u00e4rgat&#8221; \u00e4r ett ord som s\u00e5rar, precis som de d\u00e4r f\u00f6raktfulla p\u00e5 n- och z-. S\u00e5ra inte. Den som tror att lika m\u00e4nniskov\u00e4rde \u00e4r en floskel vandrar sj\u00e4lv omkring i v\u00e4rlden som en ful schablon fr\u00e5n 1933.<\/p>\n<p>M\u00e4nniskan kommer s\u00f6derifr\u00e5n, vi \u00e4r alla afrikaner. Vi har haft inlandsis p\u00e5 trakten, h\u00e4r har alla vandrat in. En kunde g\u00f6ra j\u00e4rn, en kunde fl\u00e4ta n\u00e4ver och en bakar pizza som sm\u00e4lter i munnen.<\/p>\n<p>Vartannat ord i v\u00e5rt spr\u00e5k har kommit traskande. S\u00e4ger du &#8221;\u00e4rans och hj\u00e4ltarnas spr\u00e5k&#8221; s\u00e5 svarar jag: tyska! Alla de orden \u00e4r tyska utom och-et. Vad \u00e4r det f\u00f6r fel p\u00e5 det? Vi beh\u00f6ver &#8221;arbete&#8221;, \u201dsolidaritet\u201d och \u201dwebb\u201d, vilken tur att de ocks\u00e5 vandrade in.<\/p>\n<p>Min socialism vill ha fler lokala mj\u00f6lkb\u00f6nder, lokalredaktioner och lokalpolitiker. Det m\u00e5r hela v\u00e4rlden b\u00e4ttre av.<\/p>\n<p>Min socialism vill att solen ska g\u00e5 upp \u00f6ver en m\u00e4nsklighet som trivs, p\u00e5 ett jordklot som inte har feber. Det \u00e4r vad den vill.<\/p>\n<p><a href=\"https:\/\/sven-ove.nu\/wp-content\/uploads\/2015\/09\/Fj\u00e4ril-p\u00e5-betong.jpg\"><img loading=\"lazy\" decoding=\"async\" class=\"alignright size-thumbnail wp-image-12845\" src=\"https:\/\/sven-ove.nu\/wp-content\/uploads\/2015\/09\/Fj\u00e4ril-p\u00e5-betong-150x150.jpg\" alt=\"Fj\u00e4ril p\u00e5 betong\" width=\"150\" height=\"150\" \/><\/a>N\u00e4r kan vi b\u00f6rja renoveringen?<br \/>\nHur har du det vecka 42?<\/p>\n","protected":false},"excerpt":{"rendered":"<p>Min socialism har best\u00e4mt sig f\u00f6r att l\u00e5ta individen vara individ, f\u00f6r d\u00e5 blir hela gruppen starkare. Min socialism tycker om individer, s\u00e4rskilt s\u00e5dana som ser n\u00e5gra meter bortanf\u00f6r den egna n\u00e4san. G\u00e4rna kilometer eller mil. Min socialism k\u00e4nner v\u00e4l till att gruppen du bryr dig om kan v\u00e4xa fort och fint om ni bara &hellip; <a href=\"https:\/\/sven-ove.nu\/?p=12836\" class=\"more-link\">Forts\u00e4tt l\u00e4sa <span class=\"screen-reader-text\">N\u00e4r kan vi b\u00f6rja renoveringen?<\/span><\/a><\/p>\n","protected":false},"author":1,"featured_media":0,"comment_status":"open","ping_status":"open","sticky":false,"template":"","format":"standard","meta":{"_crdt_document":"","_monsterinsights_skip_tracking":false,"_monsterinsights_sitenote_active":false,"_monsterinsights_sitenote_note":"","_monsterinsights_sitenote_category":0,"footnotes":""},"categories":[9],"tags":[24,18,20,17],"class_list":["post-12836","post","type-post","status-publish","format-standard","hentry","category-politik","tag-karlek","tag-lardomar","tag-rad","tag-solidaritet"],"_links":{"self":[{"href":"https:\/\/sven-ove.nu\/index.php?rest_route=\/wp\/v2\/posts\/12836","targetHints":{"allow":["GET"]}}],"collection":[{"href":"https:\/\/sven-ove.nu\/index.php?rest_route=\/wp\/v2\/posts"}],"about":[{"href":"https:\/\/sven-ove.nu\/index.php?rest_route=\/wp\/v2\/types\/post"}],"author":[{"embeddable":true,"href":"https:\/\/sven-ove.nu\/index.php?rest_route=\/wp\/v2\/users\/1"}],"replies":[{"embeddable":true,"href":"https:\/\/sven-ove.nu\/index.php?rest_route=%2Fwp%2Fv2%2Fcomments&post=12836"}],"version-history":[{"count":8,"href":"https:\/\/sven-ove.nu\/index.php?rest_route=\/wp\/v2\/posts\/12836\/revisions"}],"predecessor-version":[{"id":12847,"href":"https:\/\/sven-ove.nu\/index.php?rest_route=\/wp\/v2\/posts\/12836\/revisions\/12847"}],"wp:attachment":[{"href":"https:\/\/sven-ove.nu\/index.php?rest_route=%2Fwp%2Fv2%2Fmedia&parent=12836"}],"wp:term":[{"taxonomy":"category","embeddable":true,"href":"https:\/\/sven-ove.nu\/index.php?rest_route=%2Fwp%2Fv2%2Fcategories&post=12836"},{"taxonomy":"post_tag","embeddable":true,"href":"https:\/\/sven-ove.nu\/index.php?rest_route=%2Fwp%2Fv2%2Ftags&post=12836"}],"curies":[{"name":"wp","href":"https:\/\/api.w.org\/{rel}","templated":true}]}}