{"id":12854,"date":"2015-09-04T03:00:06","date_gmt":"2015-09-04T02:00:06","guid":{"rendered":"http:\/\/sven-ove.nu\/?p=12854"},"modified":"2015-09-04T07:38:36","modified_gmt":"2015-09-04T06:38:36","slug":"lastips-inte-glomma-inte-minnas","status":"publish","type":"post","link":"https:\/\/sven-ove.nu\/?p=12854","title":{"rendered":"L\u00e4stips: Inte gl\u00f6mma, inte minnas"},"content":{"rendered":"<h4><a href=\"https:\/\/sven-ove.nu\/wp-content\/uploads\/2015\/09\/Inte-gl\u00f6mma.jpg\"><img loading=\"lazy\" decoding=\"async\" class=\" size-full wp-image-12865 alignnone\" src=\"https:\/\/sven-ove.nu\/wp-content\/uploads\/2015\/09\/Inte-gl\u00f6mma.jpg\" alt=\"Inte gl\u00f6mma\" width=\"496\" height=\"640\" srcset=\"https:\/\/sven-ove.nu\/wp-content\/uploads\/2015\/09\/Inte-gl\u00f6mma.jpg 496w, https:\/\/sven-ove.nu\/wp-content\/uploads\/2015\/09\/Inte-gl\u00f6mma-233x300.jpg 233w\" sizes=\"auto, (max-width: 496px) 100vw, 496px\" \/><\/a><\/h4>\n<h4><strong>Nyutg\u00e5va av Eva Thorstensson Landins bok &#8221;Inte gl\u00f6mma, inte minnas &#8211; fr\u00e5n Auschwitz till chokladpudding med vispgr\u00e4dde&#8221;<\/strong><\/h4>\n<p>H\u00e4r nedan ber\u00e4ttar Eva om boken med sina ber\u00e4ttande dikter som nu kommit i ny upplaga. Jag har sj\u00e4lv varit med p\u00e5 en av de m\u00e5nga v\u00e4rml\u00e4ndska studieresorna till Auschwitz. Jag gl\u00f6mmer aldrig \u00f6verlevaren Flora Gladhs ber\u00e4ttelse i bussen och vid krematoriet d\u00e4r hon f\u00f6rlorade s\u00e5 m\u00e5nga.<\/p>\n<p>L\u00e4s Evas bok.<br \/>\nDiskutera\u00a0den i skolan och p\u00e5 andra st\u00e4llen d\u00e4r m\u00e4nniskor m\u00f6ts.<br \/>\nVi f\u00e5r aldrig gl\u00f6mma.<\/p>\n<p><em>\/Sven-Ove<\/em><\/p>\n<h4><strong>Eva Thorstensson Landin:<\/strong><\/h4>\n<p>Det b\u00f6rjar i en stad i Ungern f\u00f6rsommaren 1944. En judisk flicka fyller 19 \u00e5r i gettot.\u00a0I v\u00e4ntan p\u00e5 vadd\u00e5?\u00a0Vad hon och hennes familj v\u00e4ntade p\u00e5, det vet vi idag men det visste hon inte d\u00e5.<\/p>\n<p>Boken ber\u00e4ttar med flickans r\u00f6st, Flora heter hon, om det ofattbara som h\u00e4nder i Auschwitz.\u00a0Flora ber\u00e4ttar om livet efter det ofattbara, om den femtio \u00e5r l\u00e5nga tystnaden.\u00a0Flora \u00e4r d\u00f6d sedan 2012, men hennes ber\u00e4ttelse lever.<\/p>\n<p>Del tv\u00e5: Vittnesb\u00f6rd fr\u00e5n forna Jugoslavien, f\u00f6r att vi inte ska gl\u00f6mma vad v\u00e5ra nya landsm\u00e4n\/kvinnor upplevt p\u00e5 europisk mark under inb\u00f6rdeskriget p\u00e5 Balkan p\u00e5 1990-talet. De m\u00e4nniskor som vi idag delar v\u00e5r vardag med. Inte gl\u00f6mma\u2026<\/p>\n<p>Inte gl\u00f6mma, inte minnas &#8211; fr\u00e5n Auschwitz till chokladpudding med vispgr\u00e4dde. Bokens titel i sin helhet. Vispgr\u00e4dden \u00e4r en makaber ingrediens i en titel om folkmord men f\u00e5r sin f\u00f6rklaring i bokens tredje del: Tv\u00e5 ynglingar dekorerade med nazistsymboler m\u00f6rdar en svart ung man p\u00e5 \u00f6ppen gata i Sverige. \u00c5ret \u00e4r 1995. Platsen \u00e4r Klippan i Sk\u00e5ne.<\/p>\n<p>Ali Alabdallah, flykting fr\u00e5n Syrien avslutar boken med sin dikt <em>Damaskus.\u00a0<\/em>2013 &#8211; \u00e4nnu ett krig, \u00e4nnu en m\u00e4nniska som l\u00e4ngtar och som tvingats l\u00e4mna sitt \u00e4lskade land. Men som k\u00e4mpar f\u00f6r att dra sitt str\u00e5 till stacken i det nya landet. Jobbar f\u00f6r att hj\u00e4lpa sina landsm\u00e4n till en snabbare integration i Landskrona, d\u00e4r han bor idag.<\/p>\n<p><strong>De flesta g\u00e5r f\u00f6rbi<\/strong><br \/>\nI skrivande stund augusti 2015 skulle boken ha kunnat avslutas med ber\u00e4ttelsen om\u00a0den gravida unga kvinnan som sitter utanf\u00f6r Konsum och tigger. Med sin pappmugg sitter hon varje dag, tyst tackande f\u00f6r de sm\u00e5pengar jag l\u00e4gger i muggen.<\/p>\n<p>De flesta g\u00e5r f\u00f6rbi. Har skaffat sig argument f\u00f6r att inte l\u00e4gga en slant i muggen. Ja, det \u00e4r ov\u00e4rdigt, men hon beh\u00f6ver pengarna. Till livets n\u00f6dtorft antar jag och till sina sl\u00e4ktingar i ett annat land.<\/p>\n<p>Jag l\u00e4gger alltid de kronor jag har. Av flera anledningar; F\u00f6r att hon beh\u00f6ver det.<\/p>\n<p>F\u00f6r att jag sk\u00e4ms om jag inte g\u00f6r det och sedan travar ut med en vagn \u00f6verfull av mat. Jag l\u00e4gger mina sm\u00e5pengar i hennes mugg och hoppas f\u00e5 n\u00e5n annan att g\u00f6ra samma sak.<\/p>\n<p><strong>&#8221;Jag ger aldrig&#8221;<\/strong><br \/>\nEn kvinna kommenterade utanf\u00f6r sv\u00e4ngd\u00f6rrarna p\u00e5 Konsum:<br \/>\n&#8211; Nej, jag ger aldrig,<br \/>\n&#8211; Varf\u00f6r det?<br \/>\n&#8211; Det vet man inte, det \u00e4r organiserat. Det vore b\u00e4ttre de fick hj\u00e4lp i hemlandet.<br \/>\n&#8211; Kanske det, men nu sitter hon h\u00e4r och hon beh\u00f6ver hj\u00e4lp, s\u00e5 enkelt \u00e4r det. Jag ger alltid. \u00c4ven om det \u00e4r en liten summa.<\/p>\n<p>N\u00e4sta g\u00e5ng vi tr\u00e4ffades utanf\u00f6r Konsum; hon tar upp en tjugosedel ur pl\u00e5nboken och stoppar i muggen. Det \u00e4r samma kvinna som sitter d\u00e4r.<br \/>\n&#8211; Jag ger henne alltid tjugo kronor, s\u00e4ger hon.<br \/>\n&#8211; Men f\u00f6rra g\u00e5ngen vi s\u00e5gs h\u00e4r sa du att du aldrig gav n\u00e5t till tiggare.<br \/>\n&#8211; Ja,ja, man kan v\u00e4l \u00e4ndra sig.<\/p>\n<p>Ja, det \u00e4r just det: Man kan v\u00e4l \u00e4ndra sig. En dr\u00f6m om att kunna f\u00f6r\u00e4ndra, om \u00e4n aldrig s\u00e5 lite har drivit mig att skriva denna bok.<\/p>\n<p><em><strong>###<\/strong> Boken kan best\u00e4llas direkt av mig, Eva, till ett pris av 212 kr inkl. moms + frakt.<\/em><br \/>\n<em><strong>###<\/strong> Maila din best\u00e4llning till: <a href=\"mailto:eva.thorstensson@gmail.com\">eva.thorstensson@gmail.com<\/a><\/em><\/p>\n<p>&nbsp;<\/p>\n","protected":false},"excerpt":{"rendered":"<p>Nyutg\u00e5va av Eva Thorstensson Landins bok &#8221;Inte gl\u00f6mma, inte minnas &#8211; fr\u00e5n Auschwitz till chokladpudding med vispgr\u00e4dde&#8221; H\u00e4r nedan ber\u00e4ttar Eva om boken med sina ber\u00e4ttande dikter som nu kommit i ny upplaga. Jag har sj\u00e4lv varit med p\u00e5 en av de m\u00e5nga v\u00e4rml\u00e4ndska studieresorna till Auschwitz. Jag gl\u00f6mmer aldrig \u00f6verlevaren Flora Gladhs ber\u00e4ttelse i &hellip; <a href=\"https:\/\/sven-ove.nu\/?p=12854\" class=\"more-link\">Forts\u00e4tt l\u00e4sa <span class=\"screen-reader-text\">L\u00e4stips: Inte gl\u00f6mma, inte minnas<\/span><\/a><\/p>\n","protected":false},"author":1,"featured_media":0,"comment_status":"open","ping_status":"open","sticky":false,"template":"","format":"standard","meta":{"_crdt_document":"","_monsterinsights_skip_tracking":false,"_monsterinsights_sitenote_active":false,"_monsterinsights_sitenote_note":"","_monsterinsights_sitenote_category":0,"footnotes":""},"categories":[9,4],"tags":[8,18,14,17],"class_list":["post-12854","post","type-post","status-publish","format-standard","hentry","category-politik","category-skrivande","tag-historia","tag-lardomar","tag-lasning","tag-solidaritet"],"_links":{"self":[{"href":"https:\/\/sven-ove.nu\/index.php?rest_route=\/wp\/v2\/posts\/12854","targetHints":{"allow":["GET"]}}],"collection":[{"href":"https:\/\/sven-ove.nu\/index.php?rest_route=\/wp\/v2\/posts"}],"about":[{"href":"https:\/\/sven-ove.nu\/index.php?rest_route=\/wp\/v2\/types\/post"}],"author":[{"embeddable":true,"href":"https:\/\/sven-ove.nu\/index.php?rest_route=\/wp\/v2\/users\/1"}],"replies":[{"embeddable":true,"href":"https:\/\/sven-ove.nu\/index.php?rest_route=%2Fwp%2Fv2%2Fcomments&post=12854"}],"version-history":[{"count":11,"href":"https:\/\/sven-ove.nu\/index.php?rest_route=\/wp\/v2\/posts\/12854\/revisions"}],"predecessor-version":[{"id":12867,"href":"https:\/\/sven-ove.nu\/index.php?rest_route=\/wp\/v2\/posts\/12854\/revisions\/12867"}],"wp:attachment":[{"href":"https:\/\/sven-ove.nu\/index.php?rest_route=%2Fwp%2Fv2%2Fmedia&parent=12854"}],"wp:term":[{"taxonomy":"category","embeddable":true,"href":"https:\/\/sven-ove.nu\/index.php?rest_route=%2Fwp%2Fv2%2Fcategories&post=12854"},{"taxonomy":"post_tag","embeddable":true,"href":"https:\/\/sven-ove.nu\/index.php?rest_route=%2Fwp%2Fv2%2Ftags&post=12854"}],"curies":[{"name":"wp","href":"https:\/\/api.w.org\/{rel}","templated":true}]}}