{"id":12876,"date":"2015-09-09T03:00:39","date_gmt":"2015-09-09T02:00:39","guid":{"rendered":"http:\/\/sven-ove.nu\/?p=12876"},"modified":"2015-09-05T17:58:19","modified_gmt":"2015-09-05T16:58:19","slug":"min-enkla-flyttgrot","status":"publish","type":"post","link":"https:\/\/sven-ove.nu\/?p=12876","title":{"rendered":"Min enkla flyttgr\u00f6t"},"content":{"rendered":"<p>Nyss blev jag uppringd av den effektive mannen fr\u00e5n R\u00f6da Korset p\u00e5 orten. Vill du komma och prata p\u00e5 samh\u00e4llsorienteringen f\u00f6r en ny grupp? De flesta \u00e4r fr\u00e5n Syrien.<\/p>\n<p>Det finns dagar n\u00e4r jag t\u00e4nker att min blygsamma medverkan i v\u00e5r lokala integration \u00e4r det viktigaste jag g\u00f6r, dessa \u00e5r. D\u00e5 har jag \u00e4nd\u00e5 ett civilt jobb som jag hoppas g\u00f6r nytta.<\/p>\n<p>&#8211; Vill du att jag ber\u00e4ttar om svenska medier och tryckfrihetslagstiftning som vanligt?<br \/>\n&#8211; Ja och yttrandefriheten. Vad den betyder och vilket ansvar den kr\u00e4ver av oss.<\/p>\n<p>Tack f\u00f6r att du fr\u00e5gar igen, Aakash. Jag kommer. Du vet hur jag t\u00e4nker b\u00f6rja samtalet:<br \/>\n&#8211; V\u00e4lkomna till Forshaga.<\/p>\n<p><strong><em><span style=\"color: #ff0000;\">#<\/span>\u00a0<\/em><\/strong><em>Flyttgr\u00f6t. Den gamla seden att g\u00e5 till nyinflyttade med mat, f\u00f6rr ofta gr\u00f6t eller salt och br\u00f6d.<br \/>\n<\/em><span style=\"color: #ff0000;\"><strong><em>##<\/em><\/strong><\/span><em> En symbolhandling som visar att du vill att de nya inte ska lida brist p\u00e5 livets n\u00f6dtorft.<br \/>\n<a href=\"https:\/\/sven-ove.nu\/wp-content\/uploads\/2015\/09\/Sk\u00e4rmavbild-2013-10-12-kl.-11.43.45-kopia.png\"><img loading=\"lazy\" decoding=\"async\" class=\"alignright size-thumbnail wp-image-12881\" src=\"https:\/\/sven-ove.nu\/wp-content\/uploads\/2015\/09\/Sk\u00e4rmavbild-2013-10-12-kl.-11.43.45-kopia-150x150.png\" alt=\"Sk\u00e4rmavbild 2013-10-12 kl. 11.43.45 kopia\" width=\"150\" height=\"150\" srcset=\"https:\/\/sven-ove.nu\/wp-content\/uploads\/2015\/09\/Sk\u00e4rmavbild-2013-10-12-kl.-11.43.45-kopia-150x150.png 150w, https:\/\/sven-ove.nu\/wp-content\/uploads\/2015\/09\/Sk\u00e4rmavbild-2013-10-12-kl.-11.43.45-kopia-298x300.png 298w, https:\/\/sven-ove.nu\/wp-content\/uploads\/2015\/09\/Sk\u00e4rmavbild-2013-10-12-kl.-11.43.45-kopia.png 500w\" sizes=\"auto, (max-width: 150px) 100vw, 150px\" \/><\/a><\/em><span style=\"color: #ff0000;\"><strong><em>###<\/em><\/strong><\/span><em>\u00a0F\u00f6rrf\u00f6rra g\u00e5ngen jag talade inf\u00f6r v\u00e5ra nya inv\u00e5nare var det en afghan i salen som hade jobbat \u00e5t CNN. Han lyssnade intresserat n\u00e4r jag ber\u00e4ttade att jag varit lokalredakt\u00f6r i Vaggeryd. Jag bet mig i tungan n\u00e4r jag t\u00e4nkte s\u00e4ga \u201dblytiden\u201d. Fundera \u00f6ver varf\u00f6r.<\/em><\/p>\n","protected":false},"excerpt":{"rendered":"<p>Nyss blev jag uppringd av den effektive mannen fr\u00e5n R\u00f6da Korset p\u00e5 orten. Vill du komma och prata p\u00e5 samh\u00e4llsorienteringen f\u00f6r en ny grupp? De flesta \u00e4r fr\u00e5n Syrien. Det finns dagar n\u00e4r jag t\u00e4nker att min blygsamma medverkan i v\u00e5r lokala integration \u00e4r det viktigaste jag g\u00f6r, dessa \u00e5r. D\u00e5 har jag \u00e4nd\u00e5 ett &hellip; <a href=\"https:\/\/sven-ove.nu\/?p=12876\" class=\"more-link\">Forts\u00e4tt l\u00e4sa <span class=\"screen-reader-text\">Min enkla flyttgr\u00f6t<\/span><\/a><\/p>\n","protected":false},"author":1,"featured_media":0,"comment_status":"open","ping_status":"open","sticky":false,"template":"","format":"standard","meta":{"_crdt_document":"","_monsterinsights_skip_tracking":false,"_monsterinsights_sitenote_active":false,"_monsterinsights_sitenote_note":"","_monsterinsights_sitenote_category":0,"footnotes":""},"categories":[9],"tags":[8,24,15,21,17],"class_list":["post-12876","post","type-post","status-publish","format-standard","hentry","category-politik","tag-historia","tag-karlek","tag-mediedjungeln","tag-ord","tag-solidaritet"],"_links":{"self":[{"href":"https:\/\/sven-ove.nu\/index.php?rest_route=\/wp\/v2\/posts\/12876","targetHints":{"allow":["GET"]}}],"collection":[{"href":"https:\/\/sven-ove.nu\/index.php?rest_route=\/wp\/v2\/posts"}],"about":[{"href":"https:\/\/sven-ove.nu\/index.php?rest_route=\/wp\/v2\/types\/post"}],"author":[{"embeddable":true,"href":"https:\/\/sven-ove.nu\/index.php?rest_route=\/wp\/v2\/users\/1"}],"replies":[{"embeddable":true,"href":"https:\/\/sven-ove.nu\/index.php?rest_route=%2Fwp%2Fv2%2Fcomments&post=12876"}],"version-history":[{"count":6,"href":"https:\/\/sven-ove.nu\/index.php?rest_route=\/wp\/v2\/posts\/12876\/revisions"}],"predecessor-version":[{"id":12883,"href":"https:\/\/sven-ove.nu\/index.php?rest_route=\/wp\/v2\/posts\/12876\/revisions\/12883"}],"wp:attachment":[{"href":"https:\/\/sven-ove.nu\/index.php?rest_route=%2Fwp%2Fv2%2Fmedia&parent=12876"}],"wp:term":[{"taxonomy":"category","embeddable":true,"href":"https:\/\/sven-ove.nu\/index.php?rest_route=%2Fwp%2Fv2%2Fcategories&post=12876"},{"taxonomy":"post_tag","embeddable":true,"href":"https:\/\/sven-ove.nu\/index.php?rest_route=%2Fwp%2Fv2%2Ftags&post=12876"}],"curies":[{"name":"wp","href":"https:\/\/api.w.org\/{rel}","templated":true}]}}