{"id":12884,"date":"2015-09-07T03:00:23","date_gmt":"2015-09-07T02:00:23","guid":{"rendered":"http:\/\/sven-ove.nu\/?p=12884"},"modified":"2015-09-05T18:10:08","modified_gmt":"2015-09-05T17:10:08","slug":"12884","status":"publish","type":"post","link":"https:\/\/sven-ove.nu\/?p=12884","title":{"rendered":"R\u00f6sten ropar"},"content":{"rendered":"<p><a href=\"https:\/\/sven-ove.nu\/wp-content\/uploads\/2015\/09\/St\u00f6vlarna.jpg\"><img loading=\"lazy\" decoding=\"async\" class=\" size-full wp-image-12894 alignnone\" src=\"https:\/\/sven-ove.nu\/wp-content\/uploads\/2015\/09\/St\u00f6vlarna.jpg\" alt=\"St\u00f6vlarna\" width=\"591\" height=\"591\" srcset=\"https:\/\/sven-ove.nu\/wp-content\/uploads\/2015\/09\/St\u00f6vlarna.jpg 591w, https:\/\/sven-ove.nu\/wp-content\/uploads\/2015\/09\/St\u00f6vlarna-150x150.jpg 150w, https:\/\/sven-ove.nu\/wp-content\/uploads\/2015\/09\/St\u00f6vlarna-300x300.jpg 300w\" sizes=\"auto, (max-width: 591px) 100vw, 591px\" \/><\/a><\/p>\n<p style=\"padding-left: 30px;\"><em>Arkivbild. (Foto: Han som \u00e4ger st\u00f6vlarna).<\/em><\/p>\n<p>Helgdagsafton, regnet vr\u00e4ker ner. September leker november i Grossbolstorp med omnejd och jag gillar det.<\/p>\n<p>Det sista skriver jag inomhus. Sedan tar jag p\u00e5 mig allt vad huset har av vattent\u00e4t bekl\u00e4dnad och beger mig ut i v\u00e4rlden i v\u00e4stlig riktning. Jag har h\u00f6rt att det ska finnas svart trumpetsvamp d\u00e4r.<\/p>\n<p>Min inre r\u00f6st har ropat det. <em>G\u00e5n ut och g\u00f6r hela v\u00e4rlden till ett svampst\u00e4lle<\/em>, ropade r\u00f6sten. Inte bryr sig r\u00f6ster om lite regn, 40 millimeter p\u00e5 n\u00e5got dygn. R\u00f6ster har annat att t\u00e4nka p\u00e5. <em>G\u00e5n f\u00f6rbi stora stenen, <\/em>sa r\u00f6sten,<em> f\u00f6lj smala stigen, korsa en \u00e5s.<\/em><\/p>\n<p>S\u00e5d\u00e4r som r\u00f6ster s\u00e4ger.<\/p>\n<p style=\"padding-left: 30px;\">*<\/p>\n<p>Jag hittade st\u00e4llet till slut.<br \/>\nD\u00e4r var det\u00a0ingen hemma.<\/p>\n","protected":false},"excerpt":{"rendered":"<p>Arkivbild. (Foto: Han som \u00e4ger st\u00f6vlarna). Helgdagsafton, regnet vr\u00e4ker ner. September leker november i Grossbolstorp med omnejd och jag gillar det. Det sista skriver jag inomhus. Sedan tar jag p\u00e5 mig allt vad huset har av vattent\u00e4t bekl\u00e4dnad och beger mig ut i v\u00e4rlden i v\u00e4stlig riktning. Jag har h\u00f6rt att det ska finnas svart &hellip; <a href=\"https:\/\/sven-ove.nu\/?p=12884\" class=\"more-link\">Forts\u00e4tt l\u00e4sa <span class=\"screen-reader-text\">R\u00f6sten ropar<\/span><\/a><\/p>\n","protected":false},"author":1,"featured_media":0,"comment_status":"open","ping_status":"open","sticky":false,"template":"","format":"standard","meta":{"_crdt_document":"","_monsterinsights_skip_tracking":false,"_monsterinsights_sitenote_active":false,"_monsterinsights_sitenote_note":"","_monsterinsights_sitenote_category":0,"footnotes":""},"categories":[6],"tags":[24],"class_list":["post-12884","post","type-post","status-publish","format-standard","hentry","category-natur","tag-karlek"],"_links":{"self":[{"href":"https:\/\/sven-ove.nu\/index.php?rest_route=\/wp\/v2\/posts\/12884","targetHints":{"allow":["GET"]}}],"collection":[{"href":"https:\/\/sven-ove.nu\/index.php?rest_route=\/wp\/v2\/posts"}],"about":[{"href":"https:\/\/sven-ove.nu\/index.php?rest_route=\/wp\/v2\/types\/post"}],"author":[{"embeddable":true,"href":"https:\/\/sven-ove.nu\/index.php?rest_route=\/wp\/v2\/users\/1"}],"replies":[{"embeddable":true,"href":"https:\/\/sven-ove.nu\/index.php?rest_route=%2Fwp%2Fv2%2Fcomments&post=12884"}],"version-history":[{"count":8,"href":"https:\/\/sven-ove.nu\/index.php?rest_route=\/wp\/v2\/posts\/12884\/revisions"}],"predecessor-version":[{"id":12895,"href":"https:\/\/sven-ove.nu\/index.php?rest_route=\/wp\/v2\/posts\/12884\/revisions\/12895"}],"wp:attachment":[{"href":"https:\/\/sven-ove.nu\/index.php?rest_route=%2Fwp%2Fv2%2Fmedia&parent=12884"}],"wp:term":[{"taxonomy":"category","embeddable":true,"href":"https:\/\/sven-ove.nu\/index.php?rest_route=%2Fwp%2Fv2%2Fcategories&post=12884"},{"taxonomy":"post_tag","embeddable":true,"href":"https:\/\/sven-ove.nu\/index.php?rest_route=%2Fwp%2Fv2%2Ftags&post=12884"}],"curies":[{"name":"wp","href":"https:\/\/api.w.org\/{rel}","templated":true}]}}