{"id":12896,"date":"2015-09-08T03:00:20","date_gmt":"2015-09-08T02:00:20","guid":{"rendered":"http:\/\/sven-ove.nu\/?p=12896"},"modified":"2015-09-05T18:23:09","modified_gmt":"2015-09-05T17:23:09","slug":"nar-de-goda-krafterna-vaknar","status":"publish","type":"post","link":"https:\/\/sven-ove.nu\/?p=12896","title":{"rendered":"N\u00e4r de goda krafterna vaknar"},"content":{"rendered":"<blockquote><p>\u2026 och d\u00e5 h\u00f6r de av sig. V\u00e4nliga m\u00e4nniskor som l\u00e4st mitt tvivel och tror det \u00e4r allvarligare \u00e4n det \u00e4r. Jag blir s\u00e5 glad. Finns det bara en enda m\u00e4nniska ute i verkliga livet som tycker att mina ord g\u00f6r skillnad, s\u00e5 r\u00e4cker det. D\u00e5 \u00e4r vi tv\u00e5 som jag skriver f\u00f6r.<\/p><\/blockquote>\n<p>Det fanns flera.<\/p>\n<p>Nyss satt jag och s\u00f6kte p\u00e5 n\u00e5gra slumpm\u00e4ssigt utvalda kommuners facebooksidor. Deras flyktingsamordnare hade blivit nerringda. En del dagar rasslar det till i det kollektiva medvetandet och ord och bilder f\u00e5r betydelse. Det \u00e4r bedr\u00f6vligt att vi ska beh\u00f6va se en liten tre\u00e5rig pojke ligga ilandfluten, d\u00f6d, p\u00e5 en badstrand f\u00f6r att det ska h\u00e4nda.<\/p>\n<p>\u00c4nd\u00e5 visar m\u00e4nniskors reaktioner p\u00e5 vad jag visste hela tiden. Medm\u00e4nskligheten och solidariteten finns och lever. Ibland blir en enskild bild bara f\u00f6r mycket \u2013 och vi ringer v\u00e5ra flyktingsamordnare. Vad kan vi i v\u00e5r familj g\u00f6ra?<\/p>\n<p>Nog vet jag hur samh\u00e4llet borde ordnas. Inte \u00e4r jag bara en sn\u00e4ll och beskedlig karl som tror att det r\u00e4cker med pengar till R\u00f6da Korset och barnskor till asylmottagningen. Icke. Fast det b\u00f6rjar d\u00e4r och det \u00e4r vackert n\u00e4r det sker. Jag \u00e4r stolt \u00f6ver varenda medm\u00e4nniska i min n\u00e4rhet som t\u00e4nker s\u00e5.<\/p>\n<p>Kanske b\u00f6rjar f\u00f6r\u00e4ndringen i samh\u00e4llsklimatet just i det \u00f6gonblicket? Kanske gjorde den det nyss? Kom med oss dit, s\u00e5 g\u00e5r vi vidare sedan.<\/p>\n<p>Vi har mycket att ta itu med.<\/p>\n","protected":false},"excerpt":{"rendered":"<p>\u2026 och d\u00e5 h\u00f6r de av sig. V\u00e4nliga m\u00e4nniskor som l\u00e4st mitt tvivel och tror det \u00e4r allvarligare \u00e4n det \u00e4r. Jag blir s\u00e5 glad. Finns det bara en enda m\u00e4nniska ute i verkliga livet som tycker att mina ord g\u00f6r skillnad, s\u00e5 r\u00e4cker det. D\u00e5 \u00e4r vi tv\u00e5 som jag skriver f\u00f6r. Det fanns &hellip; <a href=\"https:\/\/sven-ove.nu\/?p=12896\" class=\"more-link\">Forts\u00e4tt l\u00e4sa <span class=\"screen-reader-text\">N\u00e4r de goda krafterna vaknar<\/span><\/a><\/p>\n","protected":false},"author":1,"featured_media":12899,"comment_status":"open","ping_status":"open","sticky":false,"template":"","format":"standard","meta":{"_crdt_document":"","_monsterinsights_skip_tracking":false,"_monsterinsights_sitenote_active":false,"_monsterinsights_sitenote_note":"","_monsterinsights_sitenote_category":0,"footnotes":""},"categories":[9,4],"tags":[17],"class_list":["post-12896","post","type-post","status-publish","format-standard","has-post-thumbnail","hentry","category-politik","category-skrivande","tag-solidaritet"],"_links":{"self":[{"href":"https:\/\/sven-ove.nu\/index.php?rest_route=\/wp\/v2\/posts\/12896","targetHints":{"allow":["GET"]}}],"collection":[{"href":"https:\/\/sven-ove.nu\/index.php?rest_route=\/wp\/v2\/posts"}],"about":[{"href":"https:\/\/sven-ove.nu\/index.php?rest_route=\/wp\/v2\/types\/post"}],"author":[{"embeddable":true,"href":"https:\/\/sven-ove.nu\/index.php?rest_route=\/wp\/v2\/users\/1"}],"replies":[{"embeddable":true,"href":"https:\/\/sven-ove.nu\/index.php?rest_route=%2Fwp%2Fv2%2Fcomments&post=12896"}],"version-history":[{"count":6,"href":"https:\/\/sven-ove.nu\/index.php?rest_route=\/wp\/v2\/posts\/12896\/revisions"}],"predecessor-version":[{"id":12903,"href":"https:\/\/sven-ove.nu\/index.php?rest_route=\/wp\/v2\/posts\/12896\/revisions\/12903"}],"wp:featuredmedia":[{"embeddable":true,"href":"https:\/\/sven-ove.nu\/index.php?rest_route=\/wp\/v2\/media\/12899"}],"wp:attachment":[{"href":"https:\/\/sven-ove.nu\/index.php?rest_route=%2Fwp%2Fv2%2Fmedia&parent=12896"}],"wp:term":[{"taxonomy":"category","embeddable":true,"href":"https:\/\/sven-ove.nu\/index.php?rest_route=%2Fwp%2Fv2%2Fcategories&post=12896"},{"taxonomy":"post_tag","embeddable":true,"href":"https:\/\/sven-ove.nu\/index.php?rest_route=%2Fwp%2Fv2%2Ftags&post=12896"}],"curies":[{"name":"wp","href":"https:\/\/api.w.org\/{rel}","templated":true}]}}