{"id":12905,"date":"2015-09-10T03:00:44","date_gmt":"2015-09-10T02:00:44","guid":{"rendered":"http:\/\/sven-ove.nu\/?p=12905"},"modified":"2015-09-09T20:20:58","modified_gmt":"2015-09-09T19:20:58","slug":"12905","status":"publish","type":"post","link":"https:\/\/sven-ove.nu\/?p=12905","title":{"rendered":"Pratkvarn i n\u00e5dens vecka 37"},"content":{"rendered":"<p>\u201dVad man icke kan tala om, d\u00e4rom m\u00e5ste man tiga\u201d, skrev Wittgenstein. Jag har aldrig f\u00f6rst\u00e5tt det d\u00e4r, men vem f\u00f6rst\u00e5r hans <span style=\"color: #ff0000;\"><a style=\"color: #ff0000;\" href=\"http:\/\/www.bokus.com\/bok\/9789113060491\/tractatus-logico-philosophicus\/\">Tractatus<\/a><\/span> fullt ut? Jag babblar vidare, alltid hittar pratkvarnen n\u00e5\u2019t matnyttigt korn. Det \u00e4r som med \u00e4ktenskap, d\u00e4\u2019 kan l\u00f6ckes.<\/p>\n<p>Saker en kan s\u00e4ga i n\u00e5dens vecka 37:<\/p>\n<p>&#8211; Hur gick det i matchen?<br \/>\n&#8211; Illa. De fick inkast.<\/p>\n<p>&#8211; Vad f\u00e5r du om du korsar en m\u00f6rdarsnigel\u00a0och en svensk bondh\u00f6na?<br \/>\n&#8211; Tr\u00e4dg\u00e5rn full med n\u00e4rproducerade \u00e4gg.<\/p>\n<p>Den tredje saken f\u00e5r du hitta p\u00e5 sj\u00e4lv, det ska alltid vara oj\u00e4mnt antal.<br \/>\nEller s\u00e5 kan du tiga och v\u00e4nta p\u00e5 vecka 38. D\u00e5 blir det roligt.<\/p>\n<p><a href=\"https:\/\/sven-ove.nu\/wp-content\/uploads\/2015\/09\/Odling.jpg\"><img loading=\"lazy\" decoding=\"async\" class=\"alignright wp-image-12909 size-thumbnail\" src=\"https:\/\/sven-ove.nu\/wp-content\/uploads\/2015\/09\/Odling-150x150.jpg\" alt=\"\" width=\"150\" height=\"150\" \/><\/a><\/p>\n<p><em><span style=\"color: #ff0000;\"><strong>#<\/strong> <\/span>Vad s\u00e4ger en norsk n\u00e4r han tycker \u201dD\u00e4\u2019 lugnt\u201d?<br \/>\n<\/em><em><span style=\"color: #ff0000;\"><strong>#<\/strong>\u00a0&#8221;<\/span>D\u00e4&#8217; rolitt&#8221;?<br \/>\n<\/em><em><span style=\"color: #ff0000;\"><strong>#<\/strong><\/span> Inte kan en fr\u00e5ga Wittgenstein heller. Men vann gjorde hans landsm\u00e4n. St\u00e4ndigt dessa\u00a0inkast.<\/em><\/p>\n","protected":false},"excerpt":{"rendered":"<p>\u201dVad man icke kan tala om, d\u00e4rom m\u00e5ste man tiga\u201d, skrev Wittgenstein. Jag har aldrig f\u00f6rst\u00e5tt det d\u00e4r, men vem f\u00f6rst\u00e5r hans Tractatus fullt ut? Jag babblar vidare, alltid hittar pratkvarnen n\u00e5\u2019t matnyttigt korn. Det \u00e4r som med \u00e4ktenskap, d\u00e4\u2019 kan l\u00f6ckes. Saker en kan s\u00e4ga i n\u00e5dens vecka 37: &#8211; Hur gick det i &hellip; <a href=\"https:\/\/sven-ove.nu\/?p=12905\" class=\"more-link\">Forts\u00e4tt l\u00e4sa <span class=\"screen-reader-text\">Pratkvarn i n\u00e5dens vecka 37<\/span><\/a><\/p>\n","protected":false},"author":1,"featured_media":0,"comment_status":"open","ping_status":"open","sticky":false,"template":"","format":"standard","meta":{"_crdt_document":"","_monsterinsights_skip_tracking":false,"_monsterinsights_sitenote_active":false,"_monsterinsights_sitenote_note":"","_monsterinsights_sitenote_category":0,"footnotes":""},"categories":[4],"tags":[16,14,21],"class_list":["post-12905","post","type-post","status-publish","format-standard","hentry","category-skrivande","tag-dumheter","tag-lasning","tag-ord"],"_links":{"self":[{"href":"https:\/\/sven-ove.nu\/index.php?rest_route=\/wp\/v2\/posts\/12905","targetHints":{"allow":["GET"]}}],"collection":[{"href":"https:\/\/sven-ove.nu\/index.php?rest_route=\/wp\/v2\/posts"}],"about":[{"href":"https:\/\/sven-ove.nu\/index.php?rest_route=\/wp\/v2\/types\/post"}],"author":[{"embeddable":true,"href":"https:\/\/sven-ove.nu\/index.php?rest_route=\/wp\/v2\/users\/1"}],"replies":[{"embeddable":true,"href":"https:\/\/sven-ove.nu\/index.php?rest_route=%2Fwp%2Fv2%2Fcomments&post=12905"}],"version-history":[{"count":12,"href":"https:\/\/sven-ove.nu\/index.php?rest_route=\/wp\/v2\/posts\/12905\/revisions"}],"predecessor-version":[{"id":12918,"href":"https:\/\/sven-ove.nu\/index.php?rest_route=\/wp\/v2\/posts\/12905\/revisions\/12918"}],"wp:attachment":[{"href":"https:\/\/sven-ove.nu\/index.php?rest_route=%2Fwp%2Fv2%2Fmedia&parent=12905"}],"wp:term":[{"taxonomy":"category","embeddable":true,"href":"https:\/\/sven-ove.nu\/index.php?rest_route=%2Fwp%2Fv2%2Fcategories&post=12905"},{"taxonomy":"post_tag","embeddable":true,"href":"https:\/\/sven-ove.nu\/index.php?rest_route=%2Fwp%2Fv2%2Ftags&post=12905"}],"curies":[{"name":"wp","href":"https:\/\/api.w.org\/{rel}","templated":true}]}}