{"id":12934,"date":"2015-09-16T03:00:23","date_gmt":"2015-09-16T02:00:23","guid":{"rendered":"http:\/\/sven-ove.nu\/?p=12934"},"modified":"2015-09-11T10:48:11","modified_gmt":"2015-09-11T09:48:11","slug":"beda-fran-bogen-2","status":"publish","type":"post","link":"https:\/\/sven-ove.nu\/?p=12934","title":{"rendered":"Beda fr\u00e5n Bogen"},"content":{"rendered":"<p><a href=\"https:\/\/sven-ove.nu\/wp-content\/uploads\/2014\/09\/Beda-fr\u00e5n-Bogen.jpg\"><img loading=\"lazy\" decoding=\"async\" class=\"alignright size-thumbnail wp-image-9513\" src=\"https:\/\/sven-ove.nu\/wp-content\/uploads\/2014\/09\/Beda-fr\u00e5n-Bogen-150x150.jpg\" alt=\"Beda fr\u00e5n Bogen\" width=\"150\" height=\"150\" \/><\/a>Nej, nu var det l\u00e4nge sedan, s\u00e5 h\u00e4r \u00e4r hon igen. Var s\u00e5 god, Beda fr\u00e5n Bogen med Arvika Gammeldansorkester. V\u00e4rml\u00e4ndsk progg fr\u00e5n 1978.\u00a0<i>D\u00e4 \u00e4 m\u00f6e p\u00e5 gang\u2026<\/i><\/p>\n<p>Youtube:\u00a0<b><a href=\"http:\/\/www.youtube.com\/watch?v=7q7K-6zPb7g&amp;feature=player_embedded\">Beda fr\u00e5n Bogen<\/a><\/b><\/p>\n","protected":false},"excerpt":{"rendered":"<p>Nej, nu var det l\u00e4nge sedan, s\u00e5 h\u00e4r \u00e4r hon igen. Var s\u00e5 god, Beda fr\u00e5n Bogen med Arvika Gammeldansorkester. V\u00e4rml\u00e4ndsk progg fr\u00e5n 1978.\u00a0D\u00e4 \u00e4 m\u00f6e p\u00e5 gang\u2026 Youtube:\u00a0Beda fr\u00e5n Bogen<\/p>\n","protected":false},"author":1,"featured_media":0,"comment_status":"open","ping_status":"open","sticky":false,"template":"","format":"standard","meta":{"_crdt_document":"","_monsterinsights_skip_tracking":false,"_monsterinsights_sitenote_active":false,"_monsterinsights_sitenote_note":"","_monsterinsights_sitenote_category":0,"footnotes":""},"categories":[28],"tags":[8],"class_list":["post-12934","post","type-post","status-publish","format-standard","hentry","category-kreativt-folk","tag-historia"],"_links":{"self":[{"href":"https:\/\/sven-ove.nu\/index.php?rest_route=\/wp\/v2\/posts\/12934","targetHints":{"allow":["GET"]}}],"collection":[{"href":"https:\/\/sven-ove.nu\/index.php?rest_route=\/wp\/v2\/posts"}],"about":[{"href":"https:\/\/sven-ove.nu\/index.php?rest_route=\/wp\/v2\/types\/post"}],"author":[{"embeddable":true,"href":"https:\/\/sven-ove.nu\/index.php?rest_route=\/wp\/v2\/users\/1"}],"replies":[{"embeddable":true,"href":"https:\/\/sven-ove.nu\/index.php?rest_route=%2Fwp%2Fv2%2Fcomments&post=12934"}],"version-history":[{"count":1,"href":"https:\/\/sven-ove.nu\/index.php?rest_route=\/wp\/v2\/posts\/12934\/revisions"}],"predecessor-version":[{"id":12935,"href":"https:\/\/sven-ove.nu\/index.php?rest_route=\/wp\/v2\/posts\/12934\/revisions\/12935"}],"wp:attachment":[{"href":"https:\/\/sven-ove.nu\/index.php?rest_route=%2Fwp%2Fv2%2Fmedia&parent=12934"}],"wp:term":[{"taxonomy":"category","embeddable":true,"href":"https:\/\/sven-ove.nu\/index.php?rest_route=%2Fwp%2Fv2%2Fcategories&post=12934"},{"taxonomy":"post_tag","embeddable":true,"href":"https:\/\/sven-ove.nu\/index.php?rest_route=%2Fwp%2Fv2%2Ftags&post=12934"}],"curies":[{"name":"wp","href":"https:\/\/api.w.org\/{rel}","templated":true}]}}