{"id":12941,"date":"2015-09-15T03:00:41","date_gmt":"2015-09-15T02:00:41","guid":{"rendered":"http:\/\/sven-ove.nu\/?p=12941"},"modified":"2015-09-14T06:30:00","modified_gmt":"2015-09-14T05:30:00","slug":"12941","status":"publish","type":"post","link":"https:\/\/sven-ove.nu\/?p=12941","title":{"rendered":"Hur den icke legitimerade barfotal\u00e4karen Svensson g\u00f6r bort sig"},"content":{"rendered":"<blockquote><p>Det hela \u00e4r pinsamt men det \u00e4r ju s\u00e5dant som k\u00e5s\u00f6rer stundom sysslar med. G\u00f6r bort sig.<\/p><\/blockquote>\n<p>Hur m\u00e5nga l\u00f6parkr\u00f6nikor har jag skrivit i diverse blad genom \u00e5ren? Hur m\u00e5nga skador har jag sj\u00e4lv haft i ben och andra partiklar? Hur m\u00e5nga idrottsl\u00e4karspalter har jag pl\u00f6jt? Hur m\u00e5nga joggingb\u00f6cker?<\/p>\n<p>Mitt eget skadepanorama genom \u00e5ren str\u00e4cker sig fr\u00e5n rispor i skallen och p\u00e5 n\u00e4san till nackproblem, skulderproblem, stukade revben och \u2026 ja, det forts\u00e4tter s\u00f6derut. V\u00e4rsta stukningen av foten en g\u00e5ng, tappade naglar p\u00e5 V\u00e4rmlandsn\u00e4s, hela l\u00e5ngt\u00e5n som sprack nertill under Berlin Marathon. Tv\u00e5 l\u00e5nga skadeuppeh\u00e5ll, det ena p\u00e5 grund av kn\u00e4et, det andra p\u00e5 grund av diskbr\u00e5cket. En g\u00e5ng gick de in i kn\u00e4et och hittade ingenting. Vad alla unders\u00f6kningar de gjorde av nacke och rygg kan ha kostat t\u00f6rs jag inte t\u00e4nka p\u00e5.<\/p>\n<p>Kort sagt, jag \u00e4r som alla motionsl\u00f6pare som h\u00e5llit p\u00e5 n\u00e5gra \u00e5r. En icke legitimerad idrottsl\u00e4kare, vi blir s\u00e5dana. Fr\u00e5ga mig om l\u00f6parkn\u00e4 och jag ska s\u00e4ga vilken stretch\u00f6vning du b\u00f6r testa. Fr\u00e5ga mig om h\u00e4lsporre och jag kan ber\u00e4tta hur l\u00e5ng tid den tog att l\u00e4ka f\u00f6r en bekant till mig. Flera bekanta till mig. Fr\u00e5ga mig om den l\u00e4tta stretchningens betydelse f\u00f6r blodgenomstr\u00f6mning och l\u00e4kning. Fr\u00e5ga\u2026<\/p>\n<p>Saken \u00e4r den att l\u00f6pningen \u00e4r en medicinsk paradox. Du m\u00e5r b\u00e4ttre och s\u00e4mre. Undra p\u00e5 att vi blir experter.<\/p>\n<p><strong>Bursa eller DVT?<br \/>\n<\/strong>I b\u00f6rjan p\u00e5 f\u00f6rra veckan b\u00f6rjade det molv\u00e4rka i h\u00f6ger underben och k\u00e4nnas som en svullen kn\u00f6l. Bursa? t\u00e4nker du. En av kroppens egna sm\u00f6rjkoppar som behagar kr\u00e5ngla? Ja, kanske det. Sitter det \u00f6ver huvud taget n\u00e5gon bursa d\u00e4r, p\u00e5 insidan smalbenet och i h\u00f6jd med mitten p\u00e5 vaden?<\/p>\n<p>\u00c4ven en expert kan beh\u00f6va googla, s\u00e5 d\u00e5 g\u00f6r jag det. Bursa kan det vara.<\/p>\n<p>Sedan googlar jag p\u00e5 symptomen. M\u00e5dde jag inte lite tjyvtjockt i tisdags och onsdags kv\u00e4ll och mitt p\u00e5 torsdagen? L\u00e4tt huvudv\u00e4rk, yrsel. Jo. Som van googlare letar jag mig snart fram till DVT. Djup ventrombos. Naturligtvis, en blodpropp \u00e4r det, av v\u00e4rsta slag. Du \u00e4r \u00e4nd\u00e5 64 \u00e5r, Svensson. Tjockskallig har du varit hela livet, nu b\u00f6rjar blodet tjockna ocks\u00e5.<\/p>\n<p>V\u00e4rken st\u00e4mmer, f\u00f6rklarar Google. Svullnaden st\u00e4mmer.<\/p>\n<p>Sent p\u00e5 fredagskv\u00e4llen har jag \u00f6vertalat den k\u00e4ra v\u00e4nnen att det \u00e4r b\u00e4st att ringa 1177. Plats 10 i k\u00f6n. N\u00e4r jag kommer fram har jag tappat r\u00f6sten.<br \/>\n&#8211; Blodpropp, viskar jag.<br \/>\n&#8211; \u00c5k in till akuten, s\u00e4ger 1177.<\/p>\n<p>Halv fyra p\u00e5 natten kommer doktorn in i mitt behandlingsrum, en trevlig ung man. D\u00e5 har de tagit blodprover och gjort diverse tester, men han har inte l\u00e4st resultaten \u00e4n f\u00f6r han vill unders\u00f6ka mig f\u00f6rst.<br \/>\n&#8211; H\u00e4r, k\u00e4nn, s\u00e4ger jag. H\u00e4r \u00e4r det svullet. Ont g\u00f6r det ocks\u00e5. Pr\u00f4pp.<br \/>\n&#8211; Du har inte k\u00e4nt att det \u00e4r likadant p\u00e5 andra benet? s\u00e4ger han v\u00e4nligt. Det \u00e4r benhinnan du k\u00e4nner. Den k\u00e4nns s\u00e5.<\/p>\n<p>Shit, som vi s\u00e4ger h\u00e4r p\u00e5 trakten. En vanlig enkel benhinneinflammation? Gud s\u00e5 pinsamt. Det f\u00f6rsta som varje idrottsl\u00e4karspalt med sj\u00e4lvaktning skriver om. Har jag missat n\u00e5got s\u00e5 vanligt? H\u00e4r ligger jag och f\u00f6rs\u00f6ker f\u00e5 doktorn att hitta svullnaden och s\u00e5 hittar han en likadan p\u00e5 andra benet. En som visserligen inte v\u00e4rker.<\/p>\n<p>Jag blir s\u00e5 full i skratt.\u00a0Det \u00e4r inte en propp p\u00e5 v\u00e4g norrut i kroppen. Det \u00e4r en vanlig uschlig shin splint.\u00a0Hurra!<\/p>\n<p>&#8211; Det kan ta tid innan du kan springa fullt ut igen\u2026 s\u00e4ger doktorn.<br \/>\n&#8211; Jag vet, svarar jag lyckligt. 71 dagar i genomsnitt.<\/p>\n<p>Tjohoo!<\/p>\n","protected":false},"excerpt":{"rendered":"<p>Det hela \u00e4r pinsamt men det \u00e4r ju s\u00e5dant som k\u00e5s\u00f6rer stundom sysslar med. G\u00f6r bort sig. Hur m\u00e5nga l\u00f6parkr\u00f6nikor har jag skrivit i diverse blad genom \u00e5ren? Hur m\u00e5nga skador har jag sj\u00e4lv haft i ben och andra partiklar? Hur m\u00e5nga idrottsl\u00e4karspalter har jag pl\u00f6jt? Hur m\u00e5nga joggingb\u00f6cker? Mitt eget skadepanorama genom \u00e5ren str\u00e4cker &hellip; <a href=\"https:\/\/sven-ove.nu\/?p=12941\" class=\"more-link\">Forts\u00e4tt l\u00e4sa <span class=\"screen-reader-text\">Hur den icke legitimerade barfotal\u00e4karen Svensson g\u00f6r bort sig<\/span><\/a><\/p>\n","protected":false},"author":1,"featured_media":12944,"comment_status":"open","ping_status":"open","sticky":false,"template":"","format":"standard","meta":{"_crdt_document":"","_monsterinsights_skip_tracking":false,"_monsterinsights_sitenote_active":false,"_monsterinsights_sitenote_note":"","_monsterinsights_sitenote_category":0,"footnotes":""},"categories":[5,1],"tags":[18,14],"class_list":["post-12941","post","type-post","status-publish","format-standard","has-post-thumbnail","hentry","category-lopning","category-uncategorized","tag-lardomar","tag-lasning"],"_links":{"self":[{"href":"https:\/\/sven-ove.nu\/index.php?rest_route=\/wp\/v2\/posts\/12941","targetHints":{"allow":["GET"]}}],"collection":[{"href":"https:\/\/sven-ove.nu\/index.php?rest_route=\/wp\/v2\/posts"}],"about":[{"href":"https:\/\/sven-ove.nu\/index.php?rest_route=\/wp\/v2\/types\/post"}],"author":[{"embeddable":true,"href":"https:\/\/sven-ove.nu\/index.php?rest_route=\/wp\/v2\/users\/1"}],"replies":[{"embeddable":true,"href":"https:\/\/sven-ove.nu\/index.php?rest_route=%2Fwp%2Fv2%2Fcomments&post=12941"}],"version-history":[{"count":3,"href":"https:\/\/sven-ove.nu\/index.php?rest_route=\/wp\/v2\/posts\/12941\/revisions"}],"predecessor-version":[{"id":12945,"href":"https:\/\/sven-ove.nu\/index.php?rest_route=\/wp\/v2\/posts\/12941\/revisions\/12945"}],"wp:featuredmedia":[{"embeddable":true,"href":"https:\/\/sven-ove.nu\/index.php?rest_route=\/wp\/v2\/media\/12944"}],"wp:attachment":[{"href":"https:\/\/sven-ove.nu\/index.php?rest_route=%2Fwp%2Fv2%2Fmedia&parent=12941"}],"wp:term":[{"taxonomy":"category","embeddable":true,"href":"https:\/\/sven-ove.nu\/index.php?rest_route=%2Fwp%2Fv2%2Fcategories&post=12941"},{"taxonomy":"post_tag","embeddable":true,"href":"https:\/\/sven-ove.nu\/index.php?rest_route=%2Fwp%2Fv2%2Ftags&post=12941"}],"curies":[{"name":"wp","href":"https:\/\/api.w.org\/{rel}","templated":true}]}}