{"id":12947,"date":"2015-09-17T03:00:20","date_gmt":"2015-09-17T02:00:20","guid":{"rendered":"http:\/\/sven-ove.nu\/?p=12947"},"modified":"2015-09-16T18:04:07","modified_gmt":"2015-09-16T17:04:07","slug":"de-behover-beratta","status":"publish","type":"post","link":"https:\/\/sven-ove.nu\/?p=12947","title":{"rendered":"De beh\u00f6ver ber\u00e4tta"},"content":{"rendered":"<p>En dag g\u00f6r jag mitt regelbundna g\u00e4stspel och talar om medier, tryckfrihet och yttrandefrihet p\u00e5 R\u00f6da Korsets samh\u00e4llsorientering f\u00f6r v\u00e5ra flyktingar. Detta har svenska folket k\u00e4mpat sig till, s\u00e4ger jag. Demokratin m\u00e5ste vi f\u00f6rsvara varje dag.<\/p>\n<p>Bra. Varf\u00f6r skriver inte svenska tidningar mer om kriget i Syrien? fr\u00e5gar en v\u00e4nlig kvinna. Efter\u00e5t ber\u00e4ttar hon om sl\u00e4ktingar, inringade av kriget d\u00e4rhemma i Damaskus. Om bristen p\u00e5 mat, folk som blir utdragna ur bilar, soldater som m\u00e5ste mutas.<\/p>\n<p>&#8211; Brukar du ha skrivkurser, s\u00e4ger hon. Du sa det.<br \/>\n&#8211; F\u00f6rr, inte nu.<br \/>\n&#8211; Jag vill kunna ber\u00e4tta.<br \/>\n&#8211; Skriv p\u00e5 engelska.<br \/>\n&#8211; Nej. Jag bor h\u00e4r nu. Jag beh\u00f6ver ber\u00e4tta.<\/p>\n<p><strong>Alla tre begrep<br \/>\n<\/strong>Efter\u00e5t sitter jag l\u00e4nge f\u00f6r mig sj\u00e4lv hemma vid k\u00f6ksbordet och fantiserar kring en skrivcirkel med integrationsinslag f\u00f6r flyktingar som l\u00e4rt sig b\u00f6rja tala svenska. Liten grupp, personliga skriv\u00f6vningar, heml\u00e4xor, h\u00f6gl\u00e4sning, textanalys tillsammans, appl\u00e5der, skratt och t\u00e5rar, smakprov fr\u00e5n bra svenska f\u00f6rfattare, bes\u00f6k i det typiskt svenska och i det otypiska.<\/p>\n<p style=\"padding-left: 30px;\"><strong>Farmor och farfar tog emot ett krigsbarn fr\u00e5n Finland. Ilari. Det kunde de. Skulle inte jag kunna g\u00f6ra en insats tre-fyra timmar i veckan? St\u00f6dja n\u00e5gra nya forshagabor n\u00e4r de hj\u00e4lper sig sj\u00e4lva att er\u00f6vra svenska skriftspr\u00e5ket?<\/strong><\/p>\n<p>De beh\u00f6ver ber\u00e4tta. Det beh\u00f6vde Ilari med. Jag har inte best\u00e4mt mig \u00e4n, sa jag till kvinnan fr\u00e5n Syrien, n\u00e4r vi skildes vid L\u00e4rcentret. Kanske i januari n\u00e4r jag g\u00e5tt i pension?<\/p>\n<p>Hon och mannen bredvid s\u00e5g mig l\u00e4nge i \u00f6gonen. Vi begrep redan, alla tre. Det var inte bara de som m\u00e5ste. Jag med. P\u00e5 min h\u00f6gra axel satt Jonatan i Br\u00f6derna\u00a0Lejonhj\u00e4rta och viskade:<\/p>\n<p><a href=\"https:\/\/sven-ove.nu\/wp-content\/uploads\/2015\/08\/Jungfru-Marie-nycklar.jpg\"><img loading=\"lazy\" decoding=\"async\" class=\"alignright size-thumbnail wp-image-12709\" src=\"https:\/\/sven-ove.nu\/wp-content\/uploads\/2015\/08\/Jungfru-Marie-nycklar-150x150.jpg\" alt=\"Jungfru Marie nycklar\" width=\"150\" height=\"150\" srcset=\"https:\/\/sven-ove.nu\/wp-content\/uploads\/2015\/08\/Jungfru-Marie-nycklar-150x150.jpg 150w, https:\/\/sven-ove.nu\/wp-content\/uploads\/2015\/08\/Jungfru-Marie-nycklar-300x300.jpg 300w, https:\/\/sven-ove.nu\/wp-content\/uploads\/2015\/08\/Jungfru-Marie-nycklar-1024x1024.jpg 1024w\" sizes=\"auto, (max-width: 150px) 100vw, 150px\" \/><\/a>&#8211; Annars \u00e4r man ingen m\u00e4nniska utan bara en liten lort.<\/p>\n","protected":false},"excerpt":{"rendered":"<p>En dag g\u00f6r jag mitt regelbundna g\u00e4stspel och talar om medier, tryckfrihet och yttrandefrihet p\u00e5 R\u00f6da Korsets samh\u00e4llsorientering f\u00f6r v\u00e5ra flyktingar. Detta har svenska folket k\u00e4mpat sig till, s\u00e4ger jag. Demokratin m\u00e5ste vi f\u00f6rsvara varje dag. Bra. Varf\u00f6r skriver inte svenska tidningar mer om kriget i Syrien? fr\u00e5gar en v\u00e4nlig kvinna. Efter\u00e5t ber\u00e4ttar hon om &hellip; <a href=\"https:\/\/sven-ove.nu\/?p=12947\" class=\"more-link\">Forts\u00e4tt l\u00e4sa <span class=\"screen-reader-text\">De beh\u00f6ver ber\u00e4tta<\/span><\/a><\/p>\n","protected":false},"author":1,"featured_media":0,"comment_status":"open","ping_status":"open","sticky":false,"template":"","format":"standard","meta":{"_crdt_document":"","_monsterinsights_skip_tracking":false,"_monsterinsights_sitenote_active":false,"_monsterinsights_sitenote_note":"","_monsterinsights_sitenote_category":0,"footnotes":""},"categories":[28,4],"tags":[3,17],"class_list":["post-12947","post","type-post","status-publish","format-standard","hentry","category-kreativt-folk","category-skrivande","tag-arbete","tag-solidaritet"],"_links":{"self":[{"href":"https:\/\/sven-ove.nu\/index.php?rest_route=\/wp\/v2\/posts\/12947","targetHints":{"allow":["GET"]}}],"collection":[{"href":"https:\/\/sven-ove.nu\/index.php?rest_route=\/wp\/v2\/posts"}],"about":[{"href":"https:\/\/sven-ove.nu\/index.php?rest_route=\/wp\/v2\/types\/post"}],"author":[{"embeddable":true,"href":"https:\/\/sven-ove.nu\/index.php?rest_route=\/wp\/v2\/users\/1"}],"replies":[{"embeddable":true,"href":"https:\/\/sven-ove.nu\/index.php?rest_route=%2Fwp%2Fv2%2Fcomments&post=12947"}],"version-history":[{"count":6,"href":"https:\/\/sven-ove.nu\/index.php?rest_route=\/wp\/v2\/posts\/12947\/revisions"}],"predecessor-version":[{"id":12953,"href":"https:\/\/sven-ove.nu\/index.php?rest_route=\/wp\/v2\/posts\/12947\/revisions\/12953"}],"wp:attachment":[{"href":"https:\/\/sven-ove.nu\/index.php?rest_route=%2Fwp%2Fv2%2Fmedia&parent=12947"}],"wp:term":[{"taxonomy":"category","embeddable":true,"href":"https:\/\/sven-ove.nu\/index.php?rest_route=%2Fwp%2Fv2%2Fcategories&post=12947"},{"taxonomy":"post_tag","embeddable":true,"href":"https:\/\/sven-ove.nu\/index.php?rest_route=%2Fwp%2Fv2%2Ftags&post=12947"}],"curies":[{"name":"wp","href":"https:\/\/api.w.org\/{rel}","templated":true}]}}