{"id":12954,"date":"2015-09-18T07:03:04","date_gmt":"2015-09-18T06:03:04","guid":{"rendered":"http:\/\/sven-ove.nu\/?p=12954"},"modified":"2015-09-18T07:03:04","modified_gmt":"2015-09-18T06:03:04","slug":"min-hyllning-till-det-opublicerade","status":"publish","type":"post","link":"https:\/\/sven-ove.nu\/?p=12954","title":{"rendered":"Min hyllning till det opublicerade"},"content":{"rendered":"<p><a href=\"https:\/\/sven-ove.nu\/wp-content\/uploads\/2015\/06\/Hund-med-skugga.jpg\"><img loading=\"lazy\" decoding=\"async\" class=\"size-full wp-image-11906 alignnone\" src=\"https:\/\/sven-ove.nu\/wp-content\/uploads\/2015\/06\/Hund-med-skugga.jpg\" alt=\"Hund med skugga\" width=\"960\" height=\"720\" srcset=\"https:\/\/sven-ove.nu\/wp-content\/uploads\/2015\/06\/Hund-med-skugga.jpg 960w, https:\/\/sven-ove.nu\/wp-content\/uploads\/2015\/06\/Hund-med-skugga-300x225.jpg 300w\" sizes=\"auto, (max-width: 960px) 100vw, 960px\" \/><\/a><\/p>\n<p>H\u00e4r \u00e4r n\u00e5gra texter jag inte publicerat:<\/p>\n<p>Den med r\u00e5d till youtubetjejen i Grums, hur hon ska krishantera och v\u00e4nda en d\u00e5lig sak till en bra. Den om en lokal v\u00e4rml\u00e4ndsk redakt\u00f6r som borde l\u00e4sa Matteus 7:3, g\u00e4rna i 1917 \u00e5rs \u00f6vers\u00e4ttning. Den fr\u00e5n universitetet, n\u00e4r jag blev \u2026 asch d\u00e4 kvetter.<\/p>\n<p>Det \u00e4r som med foton p\u00e5 m\u00e4nniskor som d\u00f6tt i olika olyckor. N\u00e4r jag var journalist s\u00e5g jag ett antal s\u00e5dana bilder p\u00e5 redaktionerna. Fotograferna hade kn\u00e4ppt dem, f\u00f6r mitt i \u00f6gonblicket fanns inte tid att grunna \u00f6ver publiceringsbeslut, bilderna m\u00e5ste tas. Helst diskret.<\/p>\n<p>Publicerade blev de aldrig. I dagarna har vi sett ett undantag fr\u00e5n den regeln, men det var ett n\u00f6dv\u00e4ndigt undantag.<\/p>\n<p><strong>Hur t\u00e4nker de?<br \/>\n<\/strong>Nu pratar jag om texter igen: jag tror vi \u00e4r m\u00e5nga som beh\u00f6ver formulera saker och ting i ord. Skrivandet hj\u00e4lper oss att f\u00f6rst\u00e5 v\u00e4rlden. Det \u00e4r bara det att allt m\u00e5ste inte publiceras.<\/p>\n<p>En del \u00e4r ointressant f\u00f6r andra. En del \u00e4r f\u00f6r elakt. En del \u00e4r s\u00e5 privat, att bara den elakaste nyckelromanf\u00f6rfattare skulle komma p\u00e5 tanken att skicka ut de orden i offentligheten.<\/p>\n<p>Jag kommer aldrig att f\u00f6rst\u00e5 hur vissa av dem t\u00e4nker.<\/p>\n<p style=\"padding-left: 30px;\"><em># \u00c4nd\u00e5 \u00e4r jag naiv. G\u00e5ng p\u00e5 g\u00e5ng gl\u00f6mmer jag hur l\u00e4tt det \u00e4r att bli missf\u00f6rst\u00e5dd.<br \/>\n<\/em><em># Skriver du om en syn\u00e5l \u00e4r det alltid n\u00e5n en\u00f6gd j\u00e4vel som tar \u00e5t sig, sa Fritjof Nilsson Piraten.<br \/>\n<\/em><em># Det finns de som jag vill SKA ta \u00e5t sig ocks\u00e5, men det \u00e4r en annan historia. Det \u00e4r inte de enstaka lokala redakt\u00f6rerna och youtubeprofilerna som \u00e4r huvudproblemet i v\u00e4rlden.<\/em><\/p>\n<p>&nbsp;<\/p>\n","protected":false},"excerpt":{"rendered":"<p>H\u00e4r \u00e4r n\u00e5gra texter jag inte publicerat: Den med r\u00e5d till youtubetjejen i Grums, hur hon ska krishantera och v\u00e4nda en d\u00e5lig sak till en bra. Den om en lokal v\u00e4rml\u00e4ndsk redakt\u00f6r som borde l\u00e4sa Matteus 7:3, g\u00e4rna i 1917 \u00e5rs \u00f6vers\u00e4ttning. Den fr\u00e5n universitetet, n\u00e4r jag blev \u2026 asch d\u00e4 kvetter. Det \u00e4r som &hellip; <a href=\"https:\/\/sven-ove.nu\/?p=12954\" class=\"more-link\">Forts\u00e4tt l\u00e4sa <span class=\"screen-reader-text\">Min hyllning till det opublicerade<\/span><\/a><\/p>\n","protected":false},"author":1,"featured_media":0,"comment_status":"open","ping_status":"open","sticky":false,"template":"","format":"standard","meta":{"_crdt_document":"","_monsterinsights_skip_tracking":false,"_monsterinsights_sitenote_active":false,"_monsterinsights_sitenote_note":"","_monsterinsights_sitenote_category":0,"footnotes":""},"categories":[4],"tags":[16,18],"class_list":["post-12954","post","type-post","status-publish","format-standard","hentry","category-skrivande","tag-dumheter","tag-lardomar"],"_links":{"self":[{"href":"https:\/\/sven-ove.nu\/index.php?rest_route=\/wp\/v2\/posts\/12954","targetHints":{"allow":["GET"]}}],"collection":[{"href":"https:\/\/sven-ove.nu\/index.php?rest_route=\/wp\/v2\/posts"}],"about":[{"href":"https:\/\/sven-ove.nu\/index.php?rest_route=\/wp\/v2\/types\/post"}],"author":[{"embeddable":true,"href":"https:\/\/sven-ove.nu\/index.php?rest_route=\/wp\/v2\/users\/1"}],"replies":[{"embeddable":true,"href":"https:\/\/sven-ove.nu\/index.php?rest_route=%2Fwp%2Fv2%2Fcomments&post=12954"}],"version-history":[{"count":1,"href":"https:\/\/sven-ove.nu\/index.php?rest_route=\/wp\/v2\/posts\/12954\/revisions"}],"predecessor-version":[{"id":12955,"href":"https:\/\/sven-ove.nu\/index.php?rest_route=\/wp\/v2\/posts\/12954\/revisions\/12955"}],"wp:attachment":[{"href":"https:\/\/sven-ove.nu\/index.php?rest_route=%2Fwp%2Fv2%2Fmedia&parent=12954"}],"wp:term":[{"taxonomy":"category","embeddable":true,"href":"https:\/\/sven-ove.nu\/index.php?rest_route=%2Fwp%2Fv2%2Fcategories&post=12954"},{"taxonomy":"post_tag","embeddable":true,"href":"https:\/\/sven-ove.nu\/index.php?rest_route=%2Fwp%2Fv2%2Ftags&post=12954"}],"curies":[{"name":"wp","href":"https:\/\/api.w.org\/{rel}","templated":true}]}}